{"headers": {"id": "ID", "ano": "Ano", "numero": "N\u00famero", "tipo__sigla": "Tipo de Mat\u00e9ria Legislativa/Sigla", "tipo__descricao": "Tipo de Mat\u00e9ria Legislativa/Descri\u00e7\u00e3o", "autoria": "Autorias", "texto_original": "Texto Original", "ementa": "Ementa"}, "results": [{"id": "476", "ano": "2023", "numero": "1", "tipo__sigla": "PLO", "tipo__descricao": "Projeto de Lei Ordin\u00e1ria", "autoria": "Ilena de F\u00e1tima Pegoraro Oliveira", "texto_original": "http://sapl.manfrinopolis.pr.leg.br/media/sapl/public/materialegislativa/2023/476/proposicao_de_lei_n_01_do_poder_executivo.pdf", "ementa": "AUTORIZA O PODER EXECUTIVO MUNICIPAL DESAFETAR \u00c1REA DE USO ESPECIAL E D\u00c1 OUTRAS PROVID\u00caNCIAS."}, {"id": "478", "ano": "2023", "numero": "2", "tipo__sigla": "PLO", "tipo__descricao": "Projeto de Lei Ordin\u00e1ria", "autoria": "Ilena de F\u00e1tima Pegoraro Oliveira", "texto_original": "http://sapl.manfrinopolis.pr.leg.br/media/sapl/public/materialegislativa/2023/478/proposicao_de_lei_n_02-2023.pdf", "ementa": "Altera/acrescenta e revoga dispositivos da Lei Municipal n\u00ba 529/2014 e Lei Municipal n\u00b0 0464/2012, com suas altera\u00e7\u00f5es posteriores e d\u00e1 outras provid\u00eancias."}, {"id": "479", "ano": "2023", "numero": "3", "tipo__sigla": "PLO", "tipo__descricao": "Projeto de Lei Ordin\u00e1ria", "autoria": "Ilena de F\u00e1tima Pegoraro Oliveira", "texto_original": "http://sapl.manfrinopolis.pr.leg.br/media/sapl/public/materialegislativa/2023/479/proposicao_de_lei_n_03-2023.pdf", "ementa": "Disp\u00f5e sobre a reposi\u00e7\u00e3o inflacion\u00e1ria e d\u00e1 outras provid\u00eancias."}, {"id": "480", "ano": "2023", "numero": "4", "tipo__sigla": "PLO", "tipo__descricao": "Projeto de Lei Ordin\u00e1ria", "autoria": "Altair Panzera", "texto_original": "http://sapl.manfrinopolis.pr.leg.br/media/sapl/public/materialegislativa/2023/480/01_-_legislativo_-_recomposicao_servidores_camara.pdf", "ementa": "Concede atualiza\u00e7\u00e3o salarial aos servidores ocupantes de cargos de provimento efetivo e comissionados da C\u00e2mara Municipal de Manfrin\u00f3polis, e d\u00e1 outras provid\u00eancias."}, {"id": "481", "ano": "2023", "numero": "5", "tipo__sigla": "PLO", "tipo__descricao": "Projeto de Lei Ordin\u00e1ria", "autoria": "Altair Panzera, Jos\u00e9 Jo\u00e3o Machado Filho, Marcos Ant\u00f4nio Francisconi", "texto_original": "http://sapl.manfrinopolis.pr.leg.br/media/sapl/public/materialegislativa/2023/481/02_-_legislativo_-_recomposicao_de_subsidios_vereadores.pdf", "ementa": "Revisa os subs\u00eddios dos Vereadores e do Presidente da C\u00e2mara Municipal de Manfrin\u00f3polis, e d\u00e1 outras provid\u00eancias."}, {"id": "482", "ano": "2023", "numero": "6", "tipo__sigla": "PLO", "tipo__descricao": "Projeto de Lei Ordin\u00e1ria", "autoria": "Altair Panzera, Jos\u00e9 Jo\u00e3o Machado Filho, Marcos Ant\u00f4nio Francisconi", "texto_original": "http://sapl.manfrinopolis.pr.leg.br/media/sapl/public/materialegislativa/2023/482/03_-_legislativo_-_fixa_subsidios_prefeita_e_outros.pdf", "ementa": "Altera/acrescenta dispositivos da Lei Municipal n\u00ba 0609/2016 a qual fixa os subs\u00eddios do Prefeito e do Vice-Prefeito e dos Secret\u00e1rios Municipais de Manfrin\u00f3polis, Estado do Paran\u00e1."}, {"id": "483", "ano": "2023", "numero": "7", "tipo__sigla": "PLO", "tipo__descricao": "Projeto de Lei Ordin\u00e1ria", "autoria": "Ilena de F\u00e1tima Pegoraro Oliveira", "texto_original": "http://sapl.manfrinopolis.pr.leg.br/media/sapl/public/materialegislativa/2023/483/proposicao_de_lei_n_04-2023_do_poder_executivo.pdf", "ementa": "Autoriza o Executivo Municipal a firmar termo de concess\u00e3o de uso de equipamentos P\u00fablicos como incentivo \u00e0 gera\u00e7\u00e3o de emprego e industrializa\u00e7\u00e3o, com encargos, \u00e0 empresa Sebasti\u00e3o Rodrigues Servi\u00e7os LTDA"}, {"id": "485", "ano": "2023", "numero": "8", "tipo__sigla": "PLO", "tipo__descricao": "Projeto de Lei Ordin\u00e1ria", "autoria": "Ilena de F\u00e1tima Pegoraro Oliveira", "texto_original": "http://sapl.manfrinopolis.pr.leg.br/media/sapl/public/materialegislativa/2023/485/projeto_de_lei_no_007-_2023_credito_especial_suplementar.pdf", "ementa": "Autoriza o Poder Executivo Municipal a abrir um Cr\u00e9dito Adicional Especial e Suplementar, no or\u00e7amento geral do corrente exerc\u00edcio."}, {"id": "497", "ano": "2023", "numero": "9", "tipo__sigla": "PLO", "tipo__descricao": "Projeto de Lei Ordin\u00e1ria", "autoria": "Ilena de F\u00e1tima Pegoraro Oliveira", "texto_original": "http://sapl.manfrinopolis.pr.leg.br/media/sapl/public/materialegislativa/2023/497/projeto_de_lei_no_010-2023_-_incentivo_aluguel_a_empresa_ae_uniformes_ltda.pdf", "ementa": "Autoriza o Executivo Municipal a conceder incentivo aluguel, de bem im\u00f3vel de particulares, \u00e0 empresa AE UNIFORMES LTDA e d\u00e1 outras provid\u00eancias"}, {"id": "502", "ano": "2023", "numero": "10", "tipo__sigla": "PLO", "tipo__descricao": "Projeto de Lei Ordin\u00e1ria", "autoria": "Ilena de F\u00e1tima Pegoraro Oliveira", "texto_original": "http://sapl.manfrinopolis.pr.leg.br/media/sapl/public/materialegislativa/2023/502/proposta_legislativa_do_poder_executivo_no_008_-_2023.pdf", "ementa": "Disp\u00f5e sobre o Sistema Municipal de Cultura do Munic\u00edpio de Manfrin\u00f3polis, seus princ\u00edpios, objetivos, estrutura, organiza\u00e7\u00e3o, gest\u00e3o, interrela\u00e7\u00e3o entre seus componentes, recursos humanos, institui\u00e7\u00e3o do fundo municipal de incentivo a cultura e d\u00e1 outras provid\u00eancias"}, {"id": "503", "ano": "2023", "numero": "11", "tipo__sigla": "PLO", "tipo__descricao": "Projeto de Lei Ordin\u00e1ria", "autoria": "Ilena de F\u00e1tima Pegoraro Oliveira", "texto_original": "http://sapl.manfrinopolis.pr.leg.br/media/sapl/public/materialegislativa/2023/503/projeto_de_lei_no_011-2023_-_dispoe_sobre_a_politica_municipal_dos_direitos_da_crianca_e_do_adolescente.pdf", "ementa": "S\u00famula: Disp\u00f5e sobre a Pol\u00edtica Municipal de Atendimento aos Direitos da Crian\u00e7a e do Adolescente, do Conselho Municipal dos Direitos da Crian\u00e7a e do Adolescente, do Conselho Tutelar, e o Fundo Municipal dos Direitos da Crian\u00e7a e do Adolescente do Munic\u00edpio de Manfrin\u00f3polis - Paran\u00e1, e d\u00e1 outras Provid\u00eancias."}, {"id": "509", "ano": "2023", "numero": "12", "tipo__sigla": "PLO", "tipo__descricao": "Projeto de Lei Ordin\u00e1ria", "autoria": "Ademir da Rosa, Altair Panzera, Claudia Favero, Fernando Gandin, Jos\u00e9 Jo\u00e3o Machado Filho, Luiz Fernando Lopes da Costa, Manoel Vanderlei Lopes, Marcos Ant\u00f4nio Francisconi, Sidney Jos\u00e9 Thomas", "texto_original": "http://sapl.manfrinopolis.pr.leg.br/media/sapl/public/materialegislativa/2023/509/pl_12-2023.pdf", "ementa": "Estabelece cotas raciais para os concursos p\u00fablicos realizados no munic\u00edpio de Manfrin\u00f3polis/PR e d\u00e1 outras provid\u00eancias."}, {"id": "520", "ano": "2023", "numero": "13", "tipo__sigla": "PLO", "tipo__descricao": "Projeto de Lei Ordin\u00e1ria", "autoria": "Ilena de F\u00e1tima Pegoraro Oliveira", "texto_original": "http://sapl.manfrinopolis.pr.leg.br/media/sapl/public/materialegislativa/2023/520/projeto_de_lei_n_12-2023.pdf", "ementa": "Autoriza o Munic\u00edpio a fornecer manuten\u00e7\u00e3o e reposi\u00e7\u00e3o de pe\u00e7as, combust\u00edvel e recapagens de pneus para o funcionamento das m\u00e1quinas agr\u00edcolas cedidas para as patrulhas agr\u00edcolas das associa\u00e7\u00f5es e comunidades do interior, e d\u00e1 outras provid\u00eancias."}, {"id": "764", "ano": "2023", "numero": "14", "tipo__sigla": "PLO", "tipo__descricao": "Projeto de Lei Ordin\u00e1ria", "autoria": "Ilena de F\u00e1tima Pegoraro Oliveira", "texto_original": "http://sapl.manfrinopolis.pr.leg.br/media/sapl/public/materialegislativa/2023/764/projeto_de_lei_n_013_-_sim.pdf", "ementa": "Disp\u00f5e sobre a cria\u00e7\u00e3o do  Servi\u00e7o de Inspe\u00e7\u00e3o Municipal de  Produtos de Origem Animal (SIM/POA) e  revoga a Lei 0738/2021."}, {"id": "781", "ano": "2023", "numero": "15", "tipo__sigla": "PLO", "tipo__descricao": "Projeto de Lei Ordin\u00e1ria", "autoria": "Ilena de F\u00e1tima Pegoraro Oliveira", "texto_original": "http://sapl.manfrinopolis.pr.leg.br/media/sapl/public/materialegislativa/2023/781/projeto_de_lei_n_13_do_poder_executivo.pdf", "ementa": "Autoriza o recebimento de im\u00f3vel em doa\u00e7\u00e3o, e d\u00e1 outras provid\u00eancias."}, {"id": "782", "ano": "2023", "numero": "16", "tipo__sigla": "PLO", "tipo__descricao": "Projeto de Lei Ordin\u00e1ria", "autoria": "Ilena de F\u00e1tima Pegoraro Oliveira", "texto_original": "http://sapl.manfrinopolis.pr.leg.br/media/sapl/public/materialegislativa/2023/782/projeto_de_lei_no_15_-_credito_adicional_suplementar_e_especial.pdf", "ementa": "Autoriza o Poder Executivo Municipal a abrir um Cr\u00e9dito Adicional Especial e Suplementar, no or\u00e7amento geral do corrente exerc\u00edcio."}, {"id": "783", "ano": "2023", "numero": "17", "tipo__sigla": "PLO", "tipo__descricao": "Projeto de Lei Ordin\u00e1ria", "autoria": "Ilena de F\u00e1tima Pegoraro Oliveira", "texto_original": "http://sapl.manfrinopolis.pr.leg.br/media/sapl/public/materialegislativa/2023/783/projeto_de_lei_14-2023_e__anexos.pdf", "ementa": "Disp\u00f5e sobre as diretrizes para elabora\u00e7\u00e3o da Lei Or\u00e7ament\u00e1ria do Munic\u00edpio de MANFRIN\u00d3POLIS para o exerc\u00edcio de 2024 e d\u00e1 outras provid\u00eancias."}, {"id": "804", "ano": "2023", "numero": "18", "tipo__sigla": "PLO", "tipo__descricao": "Projeto de Lei Ordin\u00e1ria", "autoria": "Ilena de F\u00e1tima Pegoraro Oliveira", "texto_original": "http://sapl.manfrinopolis.pr.leg.br/media/sapl/public/materialegislativa/2023/804/projeto_de_lei_n_19.pdf", "ementa": "S\u00daMULA: Autoriza o Executivo Municipal a conceder direito real de uso, com encargos, de bem im\u00f3vel, \u00e0 empresa FRANCIELE RECHEMBACH 07546154995, CNPJ n\u00b0 45.530312/0001-45;"}, {"id": "814", "ano": "2023", "numero": "19", "tipo__sigla": "PLO", "tipo__descricao": "Projeto de Lei Ordin\u00e1ria", "autoria": "Ilena de F\u00e1tima Pegoraro Oliveira", "texto_original": "http://sapl.manfrinopolis.pr.leg.br/media/sapl/public/materialegislativa/2023/814/projeto_de_lei_24_-_com_mapa.pdf", "ementa": "\u201cInstitui o Per\u00edmetro Urbano do Munic\u00edpio de Manfrin\u00f3polis e d\u00e1 outras provid\u00eancias\""}, {"id": "815", "ano": "2023", "numero": "20", "tipo__sigla": "PLO", "tipo__descricao": "Projeto de Lei Ordin\u00e1ria", "autoria": "Ilena de F\u00e1tima Pegoraro Oliveira", "texto_original": "http://sapl.manfrinopolis.pr.leg.br/media/sapl/public/materialegislativa/2023/815/projeto_de_lei_n_25.pdf", "ementa": "Disp\u00f5e sobre o Sistema Vi\u00e1rio de Manfrin\u00f3polis alterando a reda\u00e7\u00e3o da Lei N\u00ba. 425/10 de 10.12.2010 e d\u00e1 outras provid\u00eancias."}, {"id": "816", "ano": "2023", "numero": "21", "tipo__sigla": "PLO", "tipo__descricao": "Projeto de Lei Ordin\u00e1ria", "autoria": "Ilena de F\u00e1tima Pegoraro Oliveira", "texto_original": "http://sapl.manfrinopolis.pr.leg.br/media/sapl/public/materialegislativa/2023/816/projeto_de_lei_n_26.pdf", "ementa": "\"Altera lei n\u00b0 0427/2010 de 17.12.2010 e d\u00e1 outras provid\u00eancias.\""}, {"id": "817", "ano": "2023", "numero": "22", "tipo__sigla": "PLO", "tipo__descricao": "Projeto de Lei Ordin\u00e1ria", "autoria": "Ilena de F\u00e1tima Pegoraro Oliveira", "texto_original": "http://sapl.manfrinopolis.pr.leg.br/media/sapl/public/materialegislativa/2023/817/projeto_de_lei_n_27.pdf", "ementa": "Altera lei n\u00b0 0428/2010 de 10.12.2010 e d\u00e1 outras provid\u00eancias"}, {"id": "818", "ano": "2023", "numero": "23", "tipo__sigla": "PLO", "tipo__descricao": "Projeto de Lei Ordin\u00e1ria", "autoria": "Ilena de F\u00e1tima Pegoraro Oliveira", "texto_original": "http://sapl.manfrinopolis.pr.leg.br/media/sapl/public/materialegislativa/2023/818/projeto_de_lei_n_28.pdf", "ementa": "Altera lei n\u00b0 0429/2010 de\r\n10.12.2010 e d\u00e1 outras\r\nprovid\u00eancias."}, {"id": "825", "ano": "2023", "numero": "25", "tipo__sigla": "PLO", "tipo__descricao": "Projeto de Lei Ordin\u00e1ria", "autoria": "Ilena de F\u00e1tima Pegoraro Oliveira", "texto_original": "http://sapl.manfrinopolis.pr.leg.br/media/sapl/public/materialegislativa/2023/825/projeto_de_lei_do_poder_executivo_no_17_-_concessao_associacao_agricultores_linha_gleba_dos_moros.pdf", "ementa": "\u201cAutoriza o Poder Executivo Municipal a firmar Termo de Permiss\u00e3o de uso de Bens P\u00fablicos Municipais e da outras provid\u00eancias\u201d"}, {"id": "826", "ano": "2023", "numero": "26", "tipo__sigla": "PLO", "tipo__descricao": "Projeto de Lei Ordin\u00e1ria", "autoria": "Ilena de F\u00e1tima Pegoraro Oliveira", "texto_original": "http://sapl.manfrinopolis.pr.leg.br/media/sapl/public/materialegislativa/2023/826/projeto_de_lei_do_poder_executivo_no_21_-_associacao_de_agricultores_da_linha_3_de_maio.pdf", "ementa": "\u201cAutoriza o Poder Executivo Municipal a firmar Termo de Permiss\u00e3o de uso de Bens P\u00fablicos Municipais e da outras provid\u00eancias\""}, {"id": "827", "ano": "2023", "numero": "27", "tipo__sigla": "PLO", "tipo__descricao": "Projeto de Lei Ordin\u00e1ria", "autoria": "Ilena de F\u00e1tima Pegoraro Oliveira", "texto_original": "http://sapl.manfrinopolis.pr.leg.br/media/sapl/public/materialegislativa/2023/827/projeto_de_lei_do_poder_executivo_no_22_-_concessao_a_associacao_de_agricultores_da_linha_sao_joao.pdf", "ementa": "\u201cAutoriza o Poder Executivo Municipal a firmar Termo de Permiss\u00e3o de uso de Bens P\u00fablicos Municipais e da outras provid\u00eancias\u201d"}, {"id": "828", "ano": "2023", "numero": "28", "tipo__sigla": "PLO", "tipo__descricao": "Projeto de Lei Ordin\u00e1ria", "autoria": "Ilena de F\u00e1tima Pegoraro Oliveira", "texto_original": "http://sapl.manfrinopolis.pr.leg.br/media/sapl/public/materialegislativa/2023/828/projeto_de_lei_n_18_-_permissao_de_uso_-_concesssao_-_vida_na_roca_-_barra_grande.pdf", "ementa": "\"Autoriza o Poder Executivo Municipal a firmar Termo de Permiss\u00e3o de uso de Bens P\u00fablicos Municipais e d\u00e1 outras provid\u00eancias.\""}, {"id": "829", "ano": "2023", "numero": "29", "tipo__sigla": "PLO", "tipo__descricao": "Projeto de Lei Ordin\u00e1ria", "autoria": "Ilena de F\u00e1tima Pegoraro Oliveira", "texto_original": "http://sapl.manfrinopolis.pr.leg.br/media/sapl/public/materialegislativa/2023/829/projeto_de_lei_do_poder_executivo_no_005.pdf", "ementa": "AUTORIZA O PODER EXECUTIVO MUNICIPAL A OUTORGAR CONCESS\u00c3O ONEROSA DE USO DE ESPA\u00c7O P\u00daBLICO QUE ESPECIFICA, E D\u00c1 OUTRAS PROVID\u00caNCIAS\u201d"}, {"id": "830", "ano": "2023", "numero": "30", "tipo__sigla": "PLO", "tipo__descricao": "Projeto de Lei Ordin\u00e1ria", "autoria": "Ilena de F\u00e1tima Pegoraro Oliveira", "texto_original": "http://sapl.manfrinopolis.pr.leg.br/media/sapl/public/materialegislativa/2023/830/projeto_de_lei_n_23-2023-_loa.pdf", "ementa": "S\u00daMULA: ESTIMA A RECEITA E FIXA A DESPESA DO MUNIC\u00cdPIO DE MANFRIN\u00d3POLIS PARA O EXERC\u00cdCIO DE 2024."}, {"id": "836", "ano": "2023", "numero": "31", "tipo__sigla": "PLO", "tipo__descricao": "Projeto de Lei Ordin\u00e1ria", "autoria": "Ilena de F\u00e1tima Pegoraro Oliveira", "texto_original": "http://sapl.manfrinopolis.pr.leg.br/media/sapl/public/materialegislativa/2023/836/projeto_de_lei_n_28_-_cria_o_fundo_municipal_da_educacao.pdf", "ementa": "CRIA O FUNDO MUNICIPAL DE EDUCA\u00c7\u00c3O - FME E D\u00c1 OUTRAS PROVID\u00caNCIAS."}, {"id": "839", "ano": "2023", "numero": "32", "tipo__sigla": "PLO", "tipo__descricao": "Projeto de Lei Ordin\u00e1ria", "autoria": "Ilena de F\u00e1tima Pegoraro Oliveira", "texto_original": "http://sapl.manfrinopolis.pr.leg.br/media/sapl/public/materialegislativa/2023/839/projeto_de_lei_no_023_-_credito_suplementar_especial.pdf", "ementa": "Autoriza o Poder Executivo Municipal a abrir um Cr\u00e9dito Adicional Especial e Suplementar, no or\u00e7amento geral do corrente exerc\u00edcio."}, {"id": "842", "ano": "2023", "numero": "33", "tipo__sigla": "PLO", "tipo__descricao": "Projeto de Lei Ordin\u00e1ria", "autoria": "Ilena de F\u00e1tima Pegoraro Oliveira", "texto_original": "http://sapl.manfrinopolis.pr.leg.br/media/sapl/public/materialegislativa/2023/842/projeto_de_lei_-_repasse_piso_da_enfermagem.pdf", "ementa": "S\u00daMULA: Autoriza o Poder Executivo a efetuar repasse da assist\u00eancia financeira complementar recebida da Uni\u00e3o a ser destinada aos servidores, contratados tempor\u00e1rios e empregados p\u00fablicos ocupantes dos cargos/fun\u00e7\u00f5es de enfermeiros, t\u00e9cnicos e auxiliares de enfermagem, e d\u00e1 outras provid\u00eancias."}, {"id": "843", "ano": "2023", "numero": "34", "tipo__sigla": "PLO", "tipo__descricao": "Projeto de Lei Ordin\u00e1ria", "autoria": "Ilena de F\u00e1tima Pegoraro Oliveira", "texto_original": "http://sapl.manfrinopolis.pr.leg.br/media/sapl/public/materialegislativa/2023/843/projeto_de_lei__refis_2023.pdf", "ementa": "Institui o Programa de Recupera\u00e7\u00e3o Fiscal no munic\u00edpio de Manfrin\u00f3polis (REFIS 2023) e da outras provid\u00eancias."}, {"id": "851", "ano": "2023", "numero": "35", "tipo__sigla": "PLO", "tipo__descricao": "Projeto de Lei Ordin\u00e1ria", "autoria": "Altair Panzera, Jos\u00e9 Jo\u00e3o Machado Filho, Marcos Ant\u00f4nio Francisconi", "texto_original": "http://sapl.manfrinopolis.pr.leg.br/media/sapl/public/materialegislativa/2023/851/13_-_legislativo_-_altera_plano_de_cargos.pdf", "ementa": "Altera a Lei n\u00ba 635/2017 que estabelece o Quadro \u00danico de Pessoal da C\u00e2mara Municipal de Vereadores de Manfrin\u00f3polis, disp\u00f5e sobre o Plano de Cargos, Carreira e Valoriza\u00e7\u00e3o do Servidor P\u00fablico (PCCVSP) ocupante de cargo efetivo da C\u00e2mara Municipal de Vereadores de Manfrin\u00f3polis e d\u00e1 outras provid\u00eancias."}, {"id": "655", "ano": "2023", "numero": "1", "tipo__sigla": "EM", "tipo__descricao": "Emenda", "autoria": "CRJ - Comiss\u00e3o de Reda\u00e7\u00e3o e Justi\u00e7a", "texto_original": "http://sapl.manfrinopolis.pr.leg.br/media/sapl/public/materialegislativa/2023/655/emenda_001-2023.pdf", "ementa": "Altera o projeto de lei 13/2023 que prev\u00ea: Autoriza o Munic\u00edpio a fornecer manuten\u00e7\u00e3o e reposi\u00e7\u00e3o de pe\u00e7as, combust\u00edvel e recapagens de pneus para o funcionamento das m\u00e1quinas agr\u00edcolas cedidas para as patrulhas agr\u00edcolas das associa\u00e7\u00f5es e comunidades do interior, e d\u00e1 outras provid\u00eancias."}, {"id": "486", "ano": "2023", "numero": "1", "tipo__sigla": "IND", "tipo__descricao": "Indica\u00e7\u00e3o", "autoria": "Altair Panzera, Domingos Alberto Rech, Jos\u00e9 Jo\u00e3o Machado Filho, Manoel Vanderlei Lopes, Marcos Ant\u00f4nio Francisconi", "texto_original": "http://sapl.manfrinopolis.pr.leg.br/media/sapl/public/materialegislativa/2023/486/indicacao_001-2023.pdf", "ementa": "Os Vereadores que a presente subscreve, na forma regimental, vem mui respeitosamente \u00e0 presen\u00e7a de Vossa Excel\u00eancia, INDICAR, ao Executivo Municipal, atrav\u00e9s do setor competente, que tome as provid\u00eancias necess\u00e1rias no sentido de criar um projeto para distribui\u00e7\u00e3o de calc\u00e1rio para nossos agricultores, assim atendendo as necessidades da fertiliza\u00e7\u00e3o das terras dos nossos agricultores."}, {"id": "487", "ano": "2023", "numero": "2", "tipo__sigla": "IND", "tipo__descricao": "Indica\u00e7\u00e3o", "autoria": "Altair Panzera, Domingos Alberto Rech, Jos\u00e9 Jo\u00e3o Machado Filho, Manoel Vanderlei Lopes, Marcos Ant\u00f4nio Francisconi", "texto_original": "http://sapl.manfrinopolis.pr.leg.br/media/sapl/public/materialegislativa/2023/487/indicacao_002-2023.pdf", "ementa": "Os Vereadores que a presente subscreve, na forma regimental, vem mui respeitosamente \u00e0 presen\u00e7a de Vossa Excel\u00eancia, INDICAR, ao Executivo Municipal, atrav\u00e9s do setor competente, que tome as provid\u00eancias necess\u00e1rias no sentido de realizar a compra de um Rolo Compactador, assim atendendo as necessidades das estradas do nosso munic\u00edpio."}, {"id": "488", "ano": "2023", "numero": "3", "tipo__sigla": "IND", "tipo__descricao": "Indica\u00e7\u00e3o", "autoria": "Altair Panzera, Domingos Alberto Rech, Jos\u00e9 Jo\u00e3o Machado Filho, Manoel Vanderlei Lopes, Marcos Ant\u00f4nio Francisconi", "texto_original": "http://sapl.manfrinopolis.pr.leg.br/media/sapl/public/materialegislativa/2023/488/indicacao_003-2023.pdf", "ementa": "Os Vereadores que a presente subscreve, na forma regimental, vem mui  respeitosamente \u00e0 presen\u00e7a de Vossa Excel\u00eancia, INDICAR, ao Executivo Municipal,  atrav\u00e9s do setor competente, que tome as provid\u00eancias necess\u00e1rias no sentido de  realizar a um recape geral no Asfalto que d\u00e1 acesso da PR 182 a comunidade Barra  Grande, assim atendendo as necessidades do local."}, {"id": "489", "ano": "2023", "numero": "4", "tipo__sigla": "IND", "tipo__descricao": "Indica\u00e7\u00e3o", "autoria": "Altair Panzera, Domingos Alberto Rech, Jos\u00e9 Jo\u00e3o Machado Filho, Manoel Vanderlei Lopes, Marcos Ant\u00f4nio Francisconi", "texto_original": "http://sapl.manfrinopolis.pr.leg.br/media/sapl/public/materialegislativa/2023/489/indicacao_004-2023.pdf", "ementa": "Os Vereadores que a presente subscreve, na forma regimental, vem mui  respeitosamente \u00e0 presen\u00e7a de Vossa Excel\u00eancia, INDICAR, ao Executivo Municipal,  atrav\u00e9s do setor competente, que tome as provid\u00eancias necess\u00e1rias no sentido de  construir um cal\u00e7amento na estrada do roncador com in\u00edcio na propriedade do senhor  Valdecir dos Santos at\u00e9 a propriedade do senhor Rubens Lopes, assim possibilitando  um trafego mais seguro aos nossos mun\u00edcipes."}, {"id": "490", "ano": "2023", "numero": "5", "tipo__sigla": "IND", "tipo__descricao": "Indica\u00e7\u00e3o", "autoria": "Altair Panzera, Domingos Alberto Rech, Jos\u00e9 Jo\u00e3o Machado Filho, Manoel Vanderlei Lopes, Marcos Ant\u00f4nio Francisconi", "texto_original": "http://sapl.manfrinopolis.pr.leg.br/media/sapl/public/materialegislativa/2023/490/indicacao_005-2023.pdf", "ementa": "Os Vereadores que a presente subscreve, na forma regimental, vem mui  respeitosamente \u00e0 presen\u00e7a de Vossa Excel\u00eancia, INDICAR, ao Executivo Municipal,  atrav\u00e9s do setor competente, que tome as provid\u00eancias necess\u00e1rias, como no fim do  ano de 2022 a C\u00e2mara Municipal de Vereadores realizou um repasse a Prefeitura  Municipal, com o referido valor indicamos que a prefeitura realize um repasse para as  associa\u00e7\u00f5es do nosso munic\u00edpio, como uma forma de ajudar ou influenciar nossas  associa\u00e7\u00f5es a exercer um trabalho com mais recursos."}, {"id": "491", "ano": "2023", "numero": "6", "tipo__sigla": "IND", "tipo__descricao": "Indica\u00e7\u00e3o", "autoria": "Altair Panzera, Domingos Alberto Rech, Jos\u00e9 Jo\u00e3o Machado Filho, Manoel Vanderlei Lopes, Marcos Ant\u00f4nio Francisconi", "texto_original": "http://sapl.manfrinopolis.pr.leg.br/media/sapl/public/materialegislativa/2023/491/indicacao_006-2023.pdf", "ementa": "Os Vereadores que a presente subscreve, na forma regimental, vem mui  respeitosamente \u00e0 presen\u00e7a de Vossa Excel\u00eancia, INDICAR, ao Executivo Municipal,  atrav\u00e9s do setor competente, que tome as provid\u00eancias necess\u00e1rias no sentido de  realizar a constru\u00e7\u00e3o de um padr\u00e3o de luz na entrada do cemit\u00e9rio da comunidade  Barra-Grande, assim atendendo as necessidades do local."}, {"id": "492", "ano": "2023", "numero": "7", "tipo__sigla": "IND", "tipo__descricao": "Indica\u00e7\u00e3o", "autoria": "Ademir da Rosa, Fernando Gandin, Luiz Fernando Lopes da Costa, Sidney Jos\u00e9 Thomas", "texto_original": "http://sapl.manfrinopolis.pr.leg.br/media/sapl/public/materialegislativa/2023/492/indicacao_007-2023.pdf", "ementa": "Os Vereadores que a presente subscreve, na forma regimental, vem mui respeitosamente \u00e0 presen\u00e7a de Vossa Excel\u00eancia, INDICAR, ao Executivo Municipal, atrav\u00e9s do setor competente, que tome as provid\u00eancias necess\u00e1rias no sentido de realizar a constru\u00e7\u00e3o de uma ilumina\u00e7\u00e3o P\u00fablica na Rua Valter Manfrin, assim atendendo as necessidades do local."}, {"id": "493", "ano": "2023", "numero": "8", "tipo__sigla": "IND", "tipo__descricao": "Indica\u00e7\u00e3o", "autoria": "Ademir da Rosa, Fernando Gandin, Luiz Fernando Lopes da Costa, Sidney Jos\u00e9 Thomas", "texto_original": "http://sapl.manfrinopolis.pr.leg.br/media/sapl/public/materialegislativa/2023/493/indicacao_008-2023.pdf", "ementa": "Os Vereadores que a presente subscreve, na forma regimental, vem mui respeitosamente \u00e0 presen\u00e7a de Vossa Excel\u00eancia, INDICAR, ao Executivo Municipal, atrav\u00e9s do setor competente, que tome as provid\u00eancias necess\u00e1rias no sentido de adquirir mesas e cadeiras novas para o Centro do Idoso, assim a Prefeitura Municipal podendo efetuar suas reuni\u00f5es com equipamentos novos."}, {"id": "494", "ano": "2023", "numero": "9", "tipo__sigla": "IND", "tipo__descricao": "Indica\u00e7\u00e3o", "autoria": "Ademir da Rosa, Fernando Gandin, Luiz Fernando Lopes da Costa, Sidney Jos\u00e9 Thomas", "texto_original": "http://sapl.manfrinopolis.pr.leg.br/media/sapl/public/materialegislativa/2023/494/indicacao_009-2023.pdf", "ementa": "Os Vereadores que a presente subscreve, na forma regimental, vem mui respeitosamente \u00e0 presen\u00e7a de Vossa Excel\u00eancia, INDICAR, ao Executivo Municipal, atrav\u00e9s do setor competente, que tome as provid\u00eancias necess\u00e1rias no sentido de construir uma linha de \u00e1gua nas comunidades Santo Ant\u00f4nio e Cabeceira do Barra Grande."}, {"id": "498", "ano": "2023", "numero": "10", "tipo__sigla": "IND", "tipo__descricao": "Indica\u00e7\u00e3o", "autoria": "Altair Panzera, Jos\u00e9 Jo\u00e3o Machado Filho, Manoel Vanderlei Lopes, Marcos Ant\u00f4nio Francisconi", "texto_original": "http://sapl.manfrinopolis.pr.leg.br/media/sapl/public/materialegislativa/2023/498/indicacao_010-2023.pdf", "ementa": "Os Vereadores que a presente subscreve, na forma regimental, vem mui  respeitosamente \u00e0 presen\u00e7a de Vossa Excel\u00eancia, INDICAR, ao Executivo Municipal, atrav\u00e9s do setor competente, que tome as provid\u00eancias necess\u00e1rias no sentido de adquirir um Distribuidor de Adubo para comunidade do S\u00e3o Jo\u00e3o, assim atendendo as necessidades da comunidade."}, {"id": "499", "ano": "2023", "numero": "11", "tipo__sigla": "IND", "tipo__descricao": "Indica\u00e7\u00e3o", "autoria": "Altair Panzera, Jos\u00e9 Jo\u00e3o Machado Filho, Manoel Vanderlei Lopes, Marcos Ant\u00f4nio Francisconi", "texto_original": "http://sapl.manfrinopolis.pr.leg.br/media/sapl/public/materialegislativa/2023/499/indicacao_011-2023.pdf", "ementa": "Os Vereadores que a presente subscreve, na forma regimental, vem mui  respeitosamente \u00e0 presen\u00e7a de Vossa Excel\u00eancia, INDICAR, ao Executivo Municipal,  atrav\u00e9s do setor competente, que tome as provid\u00eancias necess\u00e1rias no sentido de  adquirir um caminh\u00e3o tra\u00e7ado, pois nosso munic\u00edpio tem uma grande demanda sobre este ve\u00edculo, assim atendendo as necessidades do nosso munic\u00edpio."}, {"id": "500", "ano": "2023", "numero": "12", "tipo__sigla": "IND", "tipo__descricao": "Indica\u00e7\u00e3o", "autoria": "Altair Panzera, Jos\u00e9 Jo\u00e3o Machado Filho, Manoel Vanderlei Lopes, Marcos Ant\u00f4nio Francisconi", "texto_original": "http://sapl.manfrinopolis.pr.leg.br/media/sapl/public/materialegislativa/2023/500/indicacao_012-2023.pdf", "ementa": "Os Vereadores que a presente subscreve, na forma regimental, vem mui  respeitosamente \u00e0 presen\u00e7a de Vossa Excel\u00eancia, INDICAR, ao Executivo Municipal,  atrav\u00e9s do setor competente, que tome as provid\u00eancias necess\u00e1rias no sentido de  realizar a instala\u00e7\u00e3o de c\u00e2meras de seguran\u00e7a no col\u00e9gio da Comunidade Barra Grande,  assim oferecendo mais seguran\u00e7a as nossas crian\u00e7as."}, {"id": "501", "ano": "2023", "numero": "13", "tipo__sigla": "IND", "tipo__descricao": "Indica\u00e7\u00e3o", "autoria": "Altair Panzera, Jos\u00e9 Jo\u00e3o Machado Filho, Manoel Vanderlei Lopes, Marcos Ant\u00f4nio Francisconi", "texto_original": "http://sapl.manfrinopolis.pr.leg.br/media/sapl/public/materialegislativa/2023/501/indicacao_013-2023.pdf", "ementa": "Os Vereadores que a presente subscreve, na forma regimental, vem mui  respeitosamente \u00e0 presen\u00e7a de Vossa Excel\u00eancia, INDICAR, ao Executivo Municipal,  atrav\u00e9s do setor competente, que tome as provid\u00eancias necess\u00e1rias no sentido de  realizar a constru\u00e7\u00e3o de dois quebra-molas na Rua Ernesto Panzera, assim atendendo  as necessidades do local."}, {"id": "504", "ano": "2023", "numero": "14", "tipo__sigla": "IND", "tipo__descricao": "Indica\u00e7\u00e3o", "autoria": "Altair Panzera, Claudia Favero, Jos\u00e9 Jo\u00e3o Machado Filho, Manoel Vanderlei Lopes, Marcos Ant\u00f4nio Francisconi, Sidney Jos\u00e9 Thomas", "texto_original": "http://sapl.manfrinopolis.pr.leg.br/media/sapl/public/materialegislativa/2023/504/indicacao_014-2023.pdf", "ementa": "Os Vereadores que a presente subscreve, na forma regimental, vem mui respeitosamente \u00e0 presen\u00e7a de Vossa Excel\u00eancia, INDICAR, ao Executivo Municipal, atrav\u00e9s do setor competente, que tome as provid\u00eancias necess\u00e1rias no sentido de realizar um cal\u00e7amento no novo loteamento, com in\u00edcio na propriedade do senhor Airto Bilhar at\u00e9 no in\u00edcio da PR-182, assim atendendo as necessidades do local."}, {"id": "505", "ano": "2023", "numero": "15", "tipo__sigla": "IND", "tipo__descricao": "Indica\u00e7\u00e3o", "autoria": "Altair Panzera, Claudia Favero, Jos\u00e9 Jo\u00e3o Machado Filho, Manoel Vanderlei Lopes, Marcos Ant\u00f4nio Francisconi", "texto_original": "http://sapl.manfrinopolis.pr.leg.br/media/sapl/public/materialegislativa/2023/505/indicacao_015-2023.pdf", "ementa": "Os Vereadores que a presente subscreve, na forma regimental, vem mui respeitosamente \u00e0 presen\u00e7a de Vossa Excel\u00eancia, INDICAR, ao Executivo Municipal, atrav\u00e9s do setor competente, que tome as provid\u00eancias necess\u00e1rias no sentido de adquirir um distribuidor de ureia para associa\u00e7\u00e3o do S\u00e3o Jo\u00e3o, assim atendendo as necessidades dos nossos agricultores."}, {"id": "506", "ano": "2023", "numero": "16", "tipo__sigla": "IND", "tipo__descricao": "Indica\u00e7\u00e3o", "autoria": "Altair Panzera, Claudia Favero, Jos\u00e9 Jo\u00e3o Machado Filho, Manoel Vanderlei Lopes, Marcos Ant\u00f4nio Francisconi", "texto_original": "http://sapl.manfrinopolis.pr.leg.br/media/sapl/public/materialegislativa/2023/506/indicacao_016_-2023.pdf", "ementa": "Os Vereadores que a presente subscreve, na forma regimental, vem mui respeitosamente \u00e0 presen\u00e7a de Vossa Excel\u00eancia, INDICAR, ao Executivo Municipal, atrav\u00e9s do setor competente, que tome as provid\u00eancias necess\u00e1rias no sentido de realizar uma pavimenta\u00e7\u00e3o poli\u00e9drica na estrada que d\u00e1 acesso ao gin\u00e1sio municipal da comunidade Barra Grande, assim atendendo as necessidades do local."}, {"id": "507", "ano": "2023", "numero": "17", "tipo__sigla": "IND", "tipo__descricao": "Indica\u00e7\u00e3o", "autoria": "Altair Panzera, Claudia Favero, Jos\u00e9 Jo\u00e3o Machado Filho, Manoel Vanderlei Lopes, Marcos Ant\u00f4nio Francisconi", "texto_original": "http://sapl.manfrinopolis.pr.leg.br/media/sapl/public/materialegislativa/2023/507/indicacao_017_-2023.pdf", "ementa": "Os Vereadores que a presente subscreve, na forma regimental, vem mui respeitosamente \u00e0 presen\u00e7a de Vossa Excel\u00eancia, INDICAR, ao Executivo Municipal, atrav\u00e9s do setor competente, que tome as provid\u00eancias necess\u00e1rias no sentido de reformar ou substituir uma tubula\u00e7\u00e3o perto da propriedade do senhor Joilson de Oliveira na comunidade Barra Grande, assim atendendo as necessidades do local."}, {"id": "510", "ano": "2023", "numero": "18", "tipo__sigla": "IND", "tipo__descricao": "Indica\u00e7\u00e3o", "autoria": "Altair Panzera, Claudia Favero, Jos\u00e9 Jo\u00e3o Machado Filho, Manoel Vanderlei Lopes, Marcos Ant\u00f4nio Francisconi", "texto_original": "http://sapl.manfrinopolis.pr.leg.br/media/sapl/public/materialegislativa/2023/510/indicacao_018_-2023.pdf", "ementa": "Os Vereadores que a presente subscreve, na forma regimental, vem mui respeitosamente \u00e0 presen\u00e7a de Vossa Excel\u00eancia, INDICAR, ao Executivo Municipal, atrav\u00e9s do setor competente, que tome as provid\u00eancias necess\u00e1rias no sentido de realizar uma pavimenta\u00e7\u00e3o poli\u00e9drica com in\u00edcio na linha Squena at\u00e9 a casa do senhor Leodonho Pires, assim atendendo as necessidades do local."}, {"id": "511", "ano": "2023", "numero": "19", "tipo__sigla": "IND", "tipo__descricao": "Indica\u00e7\u00e3o", "autoria": "Ademir da Rosa, Fernando Gandin, Luiz Fernando Lopes da Costa, Sidney Jos\u00e9 Thomas", "texto_original": "http://sapl.manfrinopolis.pr.leg.br/media/sapl/public/materialegislativa/2023/511/indicacao_019_-2023.pdf", "ementa": "Os Vereadores que a presente subscreve, na forma regimental, vem mui respeitosamente \u00e0 presen\u00e7a de Vossa Excel\u00eancia, INDICAR, ao Executivo Municipal, atrav\u00e9s do setor competente, que tome as provid\u00eancias necess\u00e1rias no sentido de realizar uma pavimenta\u00e7\u00e3o poli\u00e9drica com in\u00edcio na PR-182 at\u00e9 a linha Santo Ant\u00f4nio, assim atendendo as necessidades do local."}, {"id": "513", "ano": "2023", "numero": "20", "tipo__sigla": "IND", "tipo__descricao": "Indica\u00e7\u00e3o", "autoria": "Altair Panzera, Claudia Favero, Jos\u00e9 Jo\u00e3o Machado Filho, Manoel Vanderlei Lopes, Marcos Ant\u00f4nio Francisconi", "texto_original": "http://sapl.manfrinopolis.pr.leg.br/media/sapl/public/materialegislativa/2023/513/indicacao_020_-2023.pdf", "ementa": "Os Vereadores que a presente subscreve, na forma regimental, vem mui respeitosamente \u00e0 presen\u00e7a de Vossa Excel\u00eancia, INDICAR, ao Executivo Municipal, atrav\u00e9s do setor competente, que tome as provid\u00eancias necess\u00e1rias no sentido de realizar uma pavimenta\u00e7\u00e3o poli\u00e9drica com in\u00edcio na comunidade Santa Terezinha at\u00e9 a comunidade Planaltinho, assim atendendo as necessidades do local."}, {"id": "514", "ano": "2023", "numero": "21", "tipo__sigla": "IND", "tipo__descricao": "Indica\u00e7\u00e3o", "autoria": "Altair Panzera, Claudia Favero, Jos\u00e9 Jo\u00e3o Machado Filho, Manoel Vanderlei Lopes, Marcos Ant\u00f4nio Francisconi", "texto_original": "http://sapl.manfrinopolis.pr.leg.br/media/sapl/public/materialegislativa/2023/514/indicacao_021_-2023.pdf", "ementa": "Os Vereadores que a presente subscreve, na forma regimental, vem mui respeitosamente \u00e0 presen\u00e7a de Vossa Excel\u00eancia, INDICAR, ao Executivo Municipal, atrav\u00e9s do setor competente, que tome as provid\u00eancias necess\u00e1rias no sentido de realizar a constru\u00e7\u00e3o de um ponto de \u00f4nibus na comunidade do Rio Tunal, assim atendendo as necessidades dos nossos alunos."}, {"id": "515", "ano": "2023", "numero": "22", "tipo__sigla": "IND", "tipo__descricao": "Indica\u00e7\u00e3o", "autoria": "Altair Panzera, Claudia Favero, Jos\u00e9 Jo\u00e3o Machado Filho, Manoel Vanderlei Lopes, Marcos Ant\u00f4nio Francisconi", "texto_original": "http://sapl.manfrinopolis.pr.leg.br/media/sapl/public/materialegislativa/2023/515/indicacao_022_-2023.pdf", "ementa": "Os Vereadores que a presente subscreve, na forma regimental, vem mui respeitosamente \u00e0 presen\u00e7a de Vossa Excel\u00eancia, INDICAR, ao Executivo Municipal, atrav\u00e9s do setor competente, que tome as provid\u00eancias necess\u00e1rias no sentido de realizar uma a campanha para soltura de peixes no lago municipal, assim todas as Quinta-Feira Santa realizando um evento com pesca livre aos nossos mun\u00edcipes."}, {"id": "517", "ano": "2023", "numero": "23", "tipo__sigla": "IND", "tipo__descricao": "Indica\u00e7\u00e3o", "autoria": "Ademir da Rosa, Fernando Gandin, Luiz Fernando Lopes da Costa, Sidney Jos\u00e9 Thomas", "texto_original": "http://sapl.manfrinopolis.pr.leg.br/media/sapl/public/materialegislativa/2023/517/indicacao_023_-2023.pdf", "ementa": "Os Vereadores que a presente subscreve, na forma regimental, vem mui respeitosamente \u00e0 presen\u00e7a de Vossa Excel\u00eancia, INDICAR, ao Executivo Municipal, atrav\u00e9s do setor competente, que tome as provid\u00eancias necess\u00e1rias no sentido de contratar uma Fisioterapeuta, assim atendendo as necessidades dos mun\u00edcipes."}, {"id": "518", "ano": "2023", "numero": "24", "tipo__sigla": "IND", "tipo__descricao": "Indica\u00e7\u00e3o", "autoria": "Ademir da Rosa, Fernando Gandin, Luiz Fernando Lopes da Costa, Sidney Jos\u00e9 Thomas", "texto_original": "http://sapl.manfrinopolis.pr.leg.br/media/sapl/public/materialegislativa/2023/518/indicacao_024_-2023.pdf", "ementa": "Os Vereadores que a presente subscreve, na forma regimental, vem mui respeitosamente \u00e0 presen\u00e7a de Vossa Excel\u00eancia, INDICAR, ao Executivo Municipal, atrav\u00e9s do setor competente, que tome as provid\u00eancias necess\u00e1rias no sentido de contratar uma empresa que forne\u00e7a servi\u00e7o de seguran\u00e7a para as nossas escolas municipais, assim oferecendo seguran\u00e7a aos nossos estudantes."}, {"id": "521", "ano": "2023", "numero": "25", "tipo__sigla": "IND", "tipo__descricao": "Indica\u00e7\u00e3o", "autoria": "Altair Panzera, Claudia Favero, Jos\u00e9 Jo\u00e3o Machado Filho, Manoel Vanderlei Lopes, Marcos Ant\u00f4nio Francisconi", "texto_original": "http://sapl.manfrinopolis.pr.leg.br/media/sapl/public/materialegislativa/2023/521/indicacao_025_-2023.pdf", "ementa": "Os Vereadores que a presente subscreve, na forma regimental, vem mui respeitosamente \u00e0 presen\u00e7a de Vossa Excel\u00eancia, INDICAR, ao Executivo Municipal, atrav\u00e9s do setor competente, que tome as provid\u00eancias necess\u00e1rias no sentido de transferir o Conselho Tutelar para reparti\u00e7\u00f5es p\u00fablicas, assim gerando economia para o nosso munic\u00edpio."}, {"id": "522", "ano": "2023", "numero": "26", "tipo__sigla": "IND", "tipo__descricao": "Indica\u00e7\u00e3o", "autoria": "Altair Panzera, Claudia Favero, Jos\u00e9 Jo\u00e3o Machado Filho, Manoel Vanderlei Lopes, Marcos Ant\u00f4nio Francisconi", "texto_original": "http://sapl.manfrinopolis.pr.leg.br/media/sapl/public/materialegislativa/2023/522/indicacao_026_-2023.pdf", "ementa": "Os Vereadores que a presente subscreve, na forma regimental, vem mui respeitosamente \u00e0 presen\u00e7a de Vossa Excel\u00eancia, INDICAR, ao Executivo Municipal, atrav\u00e9s do setor competente, que tome as provid\u00eancias necess\u00e1rias no sentido de construir mais salas de aula, e tamb\u00e9m para realizar as reformas necess\u00e1rias, no col\u00e9gio da comunidade Barra Grande, assim atendendo as necessidades do local."}, {"id": "656", "ano": "2023", "numero": "27", "tipo__sigla": "IND", "tipo__descricao": "Indica\u00e7\u00e3o", "autoria": "Ademir da Rosa, Fernando Gandin, Luiz Fernando Lopes da Costa, Sidney Jos\u00e9 Thomas", "texto_original": "http://sapl.manfrinopolis.pr.leg.br/media/sapl/public/materialegislativa/2023/656/indicacao_027_-2023.pdf", "ementa": "Os Vereadores que a presente subscreve, na forma regimental, vem mui respeitosamente \u00e0 presen\u00e7a de Vossa Excel\u00eancia, INDICAR, ao Executivo Municipal, atrav\u00e9s do setor competente, que tome as provid\u00eancias necess\u00e1rias no sentido de tornar a APMF do CMEI Mundo Encantado uma Utilidade P\u00fablica, sendo assim a mesma ter\u00e1 a possibilidade de captar recursos tanto no \u00e2mbito Federal quanto Estadual, para o desenvolvimento de projetos, assim atendendo as necessidades dos estudantes."}, {"id": "657", "ano": "2023", "numero": "28", "tipo__sigla": "IND", "tipo__descricao": "Indica\u00e7\u00e3o", "autoria": "Altair Panzera, Claudia Favero, Jos\u00e9 Jo\u00e3o Machado Filho, Manoel Vanderlei Lopes, Marcos Ant\u00f4nio Francisconi", "texto_original": "http://sapl.manfrinopolis.pr.leg.br/media/sapl/public/materialegislativa/2023/657/indicacao_028_-2023.pdf", "ementa": "Os Vereadores que a presente subscreve, na forma regimental, vem mui respeitosamente \u00e0 presen\u00e7a de Vossa Excel\u00eancia, INDICAR, ao Executivo Municipal, atrav\u00e9s do setor competente, que tome as provid\u00eancias necess\u00e1rias no sentido de concertar as goteiras e vidros do gin\u00e1sio da comunidade Barra Grande, assim atendendo as necessidades do local."}, {"id": "658", "ano": "2023", "numero": "29", "tipo__sigla": "IND", "tipo__descricao": "Indica\u00e7\u00e3o", "autoria": "Altair Panzera, Claudia Favero, Jos\u00e9 Jo\u00e3o Machado Filho, Manoel Vanderlei Lopes, Marcos Ant\u00f4nio Francisconi", "texto_original": "http://sapl.manfrinopolis.pr.leg.br/media/sapl/public/materialegislativa/2023/658/indicacao_029_-2023.pdf", "ementa": "Os Vereadores que a presente subscreve, na forma regimental, vem mui respeitosamente \u00e0 presen\u00e7a de Vossa Excel\u00eancia, INDICAR, ao Executivo Municipal, atrav\u00e9s do setor competente, que tome as provid\u00eancias necess\u00e1rias no sentido de fazer a substitui\u00e7\u00e3o da areia do parquinho municipal, e tamb\u00e9m fazer a troca do port\u00e3o, para um port\u00e3o autom\u00e1tico onde dificulte a entrada de animais, assim atendendo as necessidades do local."}, {"id": "773", "ano": "2023", "numero": "30", "tipo__sigla": "IND", "tipo__descricao": "Indica\u00e7\u00e3o", "autoria": "Ademir da Rosa, Fernando Gandin, Luiz Fernando Lopes da Costa, Sidney Jos\u00e9 Thomas", "texto_original": "http://sapl.manfrinopolis.pr.leg.br/media/sapl/public/materialegislativa/2023/773/indicacao_030_-2023.pdf", "ementa": "Os Vereadores que a presente subscreve, na forma regimental, vem mui respeitosamente \u00e0 presen\u00e7a de Vossa Excel\u00eancia, INDICAR, ao Executivo Municipal, atrav\u00e9s do setor competente, que tome as provid\u00eancias necess\u00e1rias no sentido de Asfaltar as cabeceiras da ponte que d\u00e1 acesso ao loteamento novo, assim atendendo as necessidades do local."}, {"id": "775", "ano": "2023", "numero": "31", "tipo__sigla": "IND", "tipo__descricao": "Indica\u00e7\u00e3o", "autoria": "Ademir da Rosa, Fernando Gandin, Luiz Fernando Lopes da Costa, Sidney Jos\u00e9 Thomas", "texto_original": "http://sapl.manfrinopolis.pr.leg.br/media/sapl/public/materialegislativa/2023/775/indicacao_031_-2023.pdf", "ementa": "Os Vereadores que a presente subscreve, na forma regimental, vem mui respeitosamente \u00e0 presen\u00e7a de Vossa Excel\u00eancia, INDICAR, ao Executivo Municipal,  atrav\u00e9s do setor competente, que tome as provid\u00eancias necess\u00e1rias no sentido de  realizar o recape asf\u00e1ltico com in\u00edcio na Avenida S\u00e3o Crist\u00f3v\u00e3o at\u00e9 a ponte que d\u00e1 acesso  ao loteamento novo, assim evitando que a \u00e1gua fique acumulada na rua, assim  atendendo as necessidades do local."}, {"id": "776", "ano": "2023", "numero": "32", "tipo__sigla": "IND", "tipo__descricao": "Indica\u00e7\u00e3o", "autoria": "Altair Panzera, Claudia Favero, Jos\u00e9 Jo\u00e3o Machado Filho, Manoel Vanderlei Lopes, Marcos Ant\u00f4nio Francisconi", "texto_original": "http://sapl.manfrinopolis.pr.leg.br/media/sapl/public/materialegislativa/2023/776/indicacao_032_-2023.pdf", "ementa": "Os Vereadores que a presente subscreve, na forma regimental, vem mui  respeitosamente \u00e0 presen\u00e7a de Vossa Excel\u00eancia, INDICAR, ao Executivo Municipal,  atrav\u00e9s do setor competente, que tome as provid\u00eancias necess\u00e1rias no sentido de fazer  pavimenta\u00e7\u00e3o poli\u00e9drica com in\u00edcio na entrada da propriedade da Senhora Ilza Moraes  at\u00e9 o P\u00e1tio de Maquinas, assim atendendo as necessidades do local."}, {"id": "777", "ano": "2023", "numero": "33", "tipo__sigla": "IND", "tipo__descricao": "Indica\u00e7\u00e3o", "autoria": "Altair Panzera, Claudia Favero, Jos\u00e9 Jo\u00e3o Machado Filho, Manoel Vanderlei Lopes, Marcos Ant\u00f4nio Francisconi", "texto_original": "http://sapl.manfrinopolis.pr.leg.br/media/sapl/public/materialegislativa/2023/777/indicacao_033-2023.pdf", "ementa": "Os Vereadores que a presente subscreve, na forma regimental, vem mui  respeitosamente \u00e0 presen\u00e7a de Vossa Excel\u00eancia, INDICAR, ao Executivo Municipal,  atrav\u00e9s do setor competente, que tome as provid\u00eancias necess\u00e1rias no sentido de fazer  uma reforma no antigo col\u00e9gio do Savanhago, desta forma pode-se estar realizando uma concess\u00e3o de uso as Agroind\u00fastrias, assim considerando novas oportunidades de emprego a nosso munic\u00edpio."}, {"id": "778", "ano": "2023", "numero": "34", "tipo__sigla": "IND", "tipo__descricao": "Indica\u00e7\u00e3o", "autoria": "Fernando Gandin, Marcos Ant\u00f4nio Francisconi", "texto_original": "http://sapl.manfrinopolis.pr.leg.br/media/sapl/public/materialegislativa/2023/778/indicacao_034-2023.pdf", "ementa": "Os Vereadores que a presente subscreve, na forma regimental, vem mui respeitosamente \u00e0 presen\u00e7a de Vossa Excel\u00eancia, INDICAR, ao Executivo Municipal, atrav\u00e9s do setor competente, que tome as provid\u00eancias necess\u00e1rias no sentido de retomar as atividades do viveiro municipal, assim incentivando o plantio de frutas e o reflorestamento do nosso munic\u00edpio."}, {"id": "784", "ano": "2023", "numero": "35", "tipo__sigla": "IND", "tipo__descricao": "Indica\u00e7\u00e3o", "autoria": "Altair Panzera, Claudia Favero, Jos\u00e9 Jo\u00e3o Machado Filho, Manoel Vanderlei Lopes, Marcos Ant\u00f4nio Francisconi", "texto_original": "http://sapl.manfrinopolis.pr.leg.br/media/sapl/public/materialegislativa/2023/784/indicacao_035-2023.pdf", "ementa": "Os Vereadores que a presente subscreve, na forma regimental, vem mui  respeitosamente \u00e0 presen\u00e7a de Vossa Excel\u00eancia, INDICAR, ao Executivo Municipal,  atrav\u00e9s do setor competente, que tome as provid\u00eancias necess\u00e1rias no sentido de fazer  uma pavimenta\u00e7\u00e3o poli\u00e9drica na subida do Darci Freitas, Valmor Borges e demais  moradores, a mesma d\u00e1 acesso ao asfalto pr\u00f3ximo a comunidade da Linha Freire, assim atendendo as necessidades do local."}, {"id": "786", "ano": "2023", "numero": "36", "tipo__sigla": "IND", "tipo__descricao": "Indica\u00e7\u00e3o", "autoria": "Ademir da Rosa, Claudia Favero, Fernando Gandin, Luiz Fernando Lopes da Costa, Sidney Jos\u00e9 Thomas", "texto_original": "http://sapl.manfrinopolis.pr.leg.br/media/sapl/public/materialegislativa/2023/786/indicacao_036-2023.pdf", "ementa": "Os Vereadores que a presente subscreve, na forma regimental, vem mui  respeitosamente \u00e0 presen\u00e7a de Vossa Excel\u00eancia, INDICAR, ao Executivo Municipal,  atrav\u00e9s do setor competente, que tome as provid\u00eancias necess\u00e1rias no sentido de  Construir uma sala para atendimento Odontol\u00f3gico no posto de Sa\u00fade da Comunidade  do Barra Grande, e tamb\u00e9m fazer a contrata\u00e7\u00e3o de um Dentista para atender as crian\u00e7as da escola e os demais que precisam, assim atendendo as necessidades do local."}, {"id": "805", "ano": "2023", "numero": "37", "tipo__sigla": "IND", "tipo__descricao": "Indica\u00e7\u00e3o", "autoria": "Ademir da Rosa, Fernando Gandin, Luiz Fernando Lopes da Costa, Sidney Jos\u00e9 Thomas", "texto_original": "http://sapl.manfrinopolis.pr.leg.br/media/sapl/public/materialegislativa/2023/805/indicacao_037-2023.pdf", "ementa": "Os Vereadores que a presente subscreve, na forma regimental, vem mui  respeitosamente \u00e0 presen\u00e7a de Vossa Excel\u00eancia, INDICAR, ao Executivo Municipal,  atrav\u00e9s do setor competente, que tome as provid\u00eancias necess\u00e1rias no sentido de realizar manuten\u00e7\u00e3o e abertura de uma estrada Vicinal da entrada do Saltinho at\u00e9 a  Comunidade do Planalto, para suprir as necessidades dos moradores e facilitar o acesso de m\u00e1quinas agr\u00edcolas. Assim atendendo as necessidades do local."}, {"id": "807", "ano": "2023", "numero": "38", "tipo__sigla": "IND", "tipo__descricao": "Indica\u00e7\u00e3o", "autoria": "Altair Panzera, Claudia Favero, Jos\u00e9 Jo\u00e3o Machado Filho, Manoel Vanderlei Lopes, Marcos Ant\u00f4nio Francisconi", "texto_original": "http://sapl.manfrinopolis.pr.leg.br/media/sapl/public/materialegislativa/2023/807/indicacao_038-2023.pdf", "ementa": "Os Vereadores que a presente subscreve, na forma regimental, vem mui  respeitosamente \u00e0 presen\u00e7a de Vossa Excel\u00eancia, INDICAR, ao Executivo Municipal,  atrav\u00e9s do setor competente, que tome as provid\u00eancias necess\u00e1rias no sentido de realizar a abertura de uma estrada da propriedade de Ant\u00f4nio Garcia at\u00e9 a propriedade  de Orlando Gon\u00e7alves Pontes na Comunidade do Savanhago, assim atendendo as  necessidades do local."}, {"id": "808", "ano": "2023", "numero": "39", "tipo__sigla": "IND", "tipo__descricao": "Indica\u00e7\u00e3o", "autoria": "Altair Panzera, Claudia Favero, Jos\u00e9 Jo\u00e3o Machado Filho, Manoel Vanderlei Lopes, Marcos Ant\u00f4nio Francisconi", "texto_original": "http://sapl.manfrinopolis.pr.leg.br/media/sapl/public/materialegislativa/2023/808/indicacao_039-2023.pdf", "ementa": "Os Vereadores que a presente subscreve, na forma regimental, vem mui  respeitosamente \u00e0 presen\u00e7a de Vossa Excel\u00eancia, INDICAR, ao Executivo Municipal,  atrav\u00e9s do setor competente, que tome as provid\u00eancias necess\u00e1rias no sentido de realizar a constru\u00e7\u00e3o de dois quebra-molas com as devidas sinaliza\u00e7\u00f5es na Linha  Planaltinho em frente ao bar do Augusto e demais propriedades, assim atendendo as necessidades do local."}, {"id": "809", "ano": "2023", "numero": "40", "tipo__sigla": "IND", "tipo__descricao": "Indica\u00e7\u00e3o", "autoria": "Altair Panzera, Claudia Favero, Jos\u00e9 Jo\u00e3o Machado Filho, Manoel Vanderlei Lopes, Marcos Ant\u00f4nio Francisconi", "texto_original": "http://sapl.manfrinopolis.pr.leg.br/media/sapl/public/materialegislativa/2023/809/indicacao_040-2023.pdf", "ementa": "Os Vereadores que a presente subscreve, na forma regimental, vem mui  respeitosamente \u00e0 presen\u00e7a de Vossa Excel\u00eancia, INDICAR, ao Executivo Municipal,  atrav\u00e9s do setor competente, que tome as provid\u00eancias necess\u00e1rias no sentido de dispor  de placas de sinaliza\u00e7\u00e3o no cruzamento que d\u00e1 acesso ao Col\u00e9gio Estadual S\u00e3o  Crist\u00f3v\u00e3o e a Linha S\u00e3o Jorge, assim atendendo as necessidades do local."}, {"id": "810", "ano": "2023", "numero": "41", "tipo__sigla": "IND", "tipo__descricao": "Indica\u00e7\u00e3o", "autoria": "Ademir da Rosa, Fernando Gandin, Luiz Fernando Lopes da Costa, Sidney Jos\u00e9 Thomas", "texto_original": "http://sapl.manfrinopolis.pr.leg.br/media/sapl/public/materialegislativa/2023/810/indicacao_041-2023.pdf", "ementa": "Os Vereadores que a presente subscreve, na forma regimental, vem mui respeitosamente \u00e0 presen\u00e7a de Vossa Excel\u00eancia, INDICAR, ao Executivo Municipal, atrav\u00e9s do setor competente, que tome as provid\u00eancias necess\u00e1rias no sentido de realizar a constru\u00e7\u00e3o de dois banheiros no Cemit\u00e9rio Municipal. Assim atendendo as necessidades do local."}, {"id": "811", "ano": "2023", "numero": "42", "tipo__sigla": "IND", "tipo__descricao": "Indica\u00e7\u00e3o", "autoria": "Ademir da Rosa, Fernando Gandin, Luiz Fernando Lopes da Costa, Sidney Jos\u00e9 Thomas", "texto_original": "http://sapl.manfrinopolis.pr.leg.br/media/sapl/public/materialegislativa/2023/811/indicacao_042-2023.pdf", "ementa": "Os Vereadores que a presente subscreve, na forma regimental, vem mui respeitosamente \u00e0 presen\u00e7a de Vossa Excel\u00eancia, INDICAR, ao Executivo Municipal, atrav\u00e9s do setor competente, que tome as provid\u00eancias necess\u00e1rias no sentido de reabrir a estrada em frente a casa do Alcir Blau (Neguinho Blau). Assim facilitando a passagem do transporte escolar, e consequentemente trazendo mais seguran\u00e7a aos estudantes."}, {"id": "812", "ano": "2023", "numero": "43", "tipo__sigla": "IND", "tipo__descricao": "Indica\u00e7\u00e3o", "autoria": "Altair Panzera, Claudia Favero, Jos\u00e9 Jo\u00e3o Machado Filho, Manoel Vanderlei Lopes, Marcos Ant\u00f4nio Francisconi", "texto_original": "http://sapl.manfrinopolis.pr.leg.br/media/sapl/public/materialegislativa/2023/812/indicacao_043-2023.pdf", "ementa": "Os Vereadores que a presente subscreve, na forma regimental, vem mui respeitosamente \u00e0 presen\u00e7a de Vossa Excel\u00eancia, INDICAR, ao Executivo Municipal, atrav\u00e9s do setor competente, que tome as provid\u00eancias necess\u00e1rias no sentido de realizar pavimenta\u00e7\u00e3o poli\u00e9drica na serra dos Paulis, da propriedade do Lirio Pauli at\u00e9 a propriedade do Mario Pauli, assim atendendo as necessidades do local."}, {"id": "813", "ano": "2023", "numero": "44", "tipo__sigla": "IND", "tipo__descricao": "Indica\u00e7\u00e3o", "autoria": "Altair Panzera, Claudia Favero, Jos\u00e9 Jo\u00e3o Machado Filho, Manoel Vanderlei Lopes, Marcos Ant\u00f4nio Francisconi", "texto_original": "http://sapl.manfrinopolis.pr.leg.br/media/sapl/public/materialegislativa/2023/813/indicacao_044-2023.pdf", "ementa": "Os Vereadores que a presente subscreve, na forma regimental, vem mui respeitosamente \u00e0 presen\u00e7a de Vossa Excel\u00eancia, INDICAR, ao Executivo Municipal, atrav\u00e9s do setor competente, que tome as provid\u00eancias necess\u00e1rias no sentido de fazer a aquisi\u00e7\u00e3o de calc\u00e1rio atrav\u00e9s do Governo do Estado para os Agricultores, assim atendendo as necessidades dos mun\u00edcipes."}, {"id": "819", "ano": "2023", "numero": "45", "tipo__sigla": "IND", "tipo__descricao": "Indica\u00e7\u00e3o", "autoria": "Altair Panzera", "texto_original": "http://sapl.manfrinopolis.pr.leg.br/media/sapl/public/materialegislativa/2023/819/indicacao_045-2023.pdf", "ementa": "Os Vereadores que a presente subscreve, na forma regimental, vem mui respeitosamente \u00e0 presen\u00e7a de Vossa Excel\u00eancia, INDICAR, ao Executivo Municipal, atrav\u00e9s do setor competente, que tome as provid\u00eancias necess\u00e1rias no sentido de realizar uma readequa\u00e7\u00e3o nas seguintes estradas rurais: Cidade at\u00e9 Santa Terezinha, Canarinho at\u00e9 Barra Grande. Assim possibilitando que nosso munic\u00edpio consiga adquirir futuros recursos para Pavimenta\u00e7\u00e3o Asf\u00e1ltica e Poli\u00e9drica. Como \u00e9 de conhecimento do Munic\u00edpio que a Usina Hidrel\u00e9trica Itaipu tem a inten\u00e7\u00e3o de destinar v\u00e1rios recursos aos munic\u00edpios."}, {"id": "820", "ano": "2023", "numero": "46", "tipo__sigla": "IND", "tipo__descricao": "Indica\u00e7\u00e3o", "autoria": "Altair Panzera, Claudia Favero, Jos\u00e9 Jo\u00e3o Machado Filho, Manoel Vanderlei Lopes, Marcos Ant\u00f4nio Francisconi", "texto_original": "http://sapl.manfrinopolis.pr.leg.br/media/sapl/public/materialegislativa/2023/820/indicacao_046-2023.pdf", "ementa": "Os Vereadores que a presente subscreve, na forma regimental, vem mui respeitosamente \u00e0 presen\u00e7a de Vossa Excel\u00eancia, INDICAR, ao Executivo Municipal, atrav\u00e9s do setor competente, que tome as provid\u00eancias necess\u00e1rias no sentido de realizar a pintura externa do Gin\u00e1sio Municipal de Esporte, assim atendendo as necessidades do local."}, {"id": "821", "ano": "2023", "numero": "47", "tipo__sigla": "IND", "tipo__descricao": "Indica\u00e7\u00e3o", "autoria": "Altair Panzera, Claudia Favero, Jos\u00e9 Jo\u00e3o Machado Filho, Manoel Vanderlei Lopes, Marcos Ant\u00f4nio Francisconi", "texto_original": "http://sapl.manfrinopolis.pr.leg.br/media/sapl/public/materialegislativa/2023/821/indicacao_047-2023.pdf", "ementa": "Os Vereadores que a presente subscreve, na forma regimental, vem mui respeitosamente \u00e0 presen\u00e7a de Vossa Excel\u00eancia, INDICAR, ao Executivo Municipal, atrav\u00e9s do setor competente, que tome as provid\u00eancias necess\u00e1rias no sentido de realizar o envio de um Of\u00edcio ao DER, pedindo que seja realizado o estudo na PR182 para saber se h\u00e1 possibilidade de fazer a constru\u00e7\u00e3o de um trevo na Linha Freire, assim diminuindo os riscos de acidente."}, {"id": "834", "ano": "2023", "numero": "48", "tipo__sigla": "IND", "tipo__descricao": "Indica\u00e7\u00e3o", "autoria": "Altair Panzera, Domingos Alberto Rech, Jos\u00e9 Jo\u00e3o Machado Filho, Manoel Vanderlei Lopes, Marcos Ant\u00f4nio Francisconi", "texto_original": "http://sapl.manfrinopolis.pr.leg.br/media/sapl/public/materialegislativa/2023/834/indicacao_048-2023.pdf", "ementa": "Os Vereadores que a presente subscreve, na forma regimental, vem mui respeitosamente \u00e0 presen\u00e7a de Vossa Excel\u00eancia, INDICAR, ao Executivo Municipal, atrav\u00e9s do setor competente, que tome as provid\u00eancias necess\u00e1rias no sentido de adquirir um Pulverizador para a Associa\u00e7\u00e3o da Linha Tancredo Bengher, assim atendendo as necessidades do local."}, {"id": "837", "ano": "2023", "numero": "49", "tipo__sigla": "IND", "tipo__descricao": "Indica\u00e7\u00e3o", "autoria": "Ademir da Rosa, Fernando Gandin, Luiz Fernando Lopes da Costa, Sidney Jos\u00e9 Thomas", "texto_original": "http://sapl.manfrinopolis.pr.leg.br/media/sapl/public/materialegislativa/2023/837/indicacao_049-2023.pdf", "ementa": "Os Vereadores que a presente subscreve, na forma regimental, vem mui respeitosamente \u00e0 presen\u00e7a de Vossa Excel\u00eancia, INDICAR, ao Executivo Municipal, atrav\u00e9s do setor competente, que tome as provid\u00eancias necess\u00e1rias no sentido de reformar ou fazer a troca das cadeiras da secret\u00e1ria da sa\u00fade, assim atendendo as necessidades do local."}, {"id": "840", "ano": "2023", "numero": "50", "tipo__sigla": "IND", "tipo__descricao": "Indica\u00e7\u00e3o", "autoria": "Altair Panzera, Domingos Alberto Rech, Jos\u00e9 Jo\u00e3o Machado Filho, Manoel Vanderlei Lopes, Marcos Ant\u00f4nio Francisconi", "texto_original": "http://sapl.manfrinopolis.pr.leg.br/media/sapl/public/materialegislativa/2023/840/indicacao_050-2023.pdf", "ementa": "Os Vereadores que a presente subscreve, na forma regimental, vem mui respeitosamente \u00e0 presen\u00e7a de Vossa Excel\u00eancia, INDICAR, ao Executivo Municipal, atrav\u00e9s do setor competente, que tome as provid\u00eancias necess\u00e1rias no sentido de asfaltar a estrada principal da comunidade S\u00e3o Jorge, assim atendendo as necessidades do local."}, {"id": "841", "ano": "2023", "numero": "51", "tipo__sigla": "IND", "tipo__descricao": "Indica\u00e7\u00e3o", "autoria": "Altair Panzera, Domingos Alberto Rech, Jos\u00e9 Jo\u00e3o Machado Filho, Manoel Vanderlei Lopes, Marcos Ant\u00f4nio Francisconi", "texto_original": "http://sapl.manfrinopolis.pr.leg.br/media/sapl/public/materialegislativa/2023/841/indicacao_051-2023.pdf", "ementa": "Os Vereadores que a presente subscreve, na forma regimental, vem mui respeitosamente \u00e0 presen\u00e7a de Vossa Excel\u00eancia, INDICAR, ao Executivo Municipal, atrav\u00e9s do setor competente, que tome as provid\u00eancias necess\u00e1rias no sentido de adquirir uma plantadeira para a associa\u00e7\u00e3o da comunidade Tr\u00eas de Maio, assim atendendo as necessidades do local."}, {"id": "844", "ano": "2023", "numero": "52", "tipo__sigla": "IND", "tipo__descricao": "Indica\u00e7\u00e3o", "autoria": "Ademir da Rosa, Fernando Gandin, Luiz Fernando Lopes da Costa, Sidney Jos\u00e9 Thomas", "texto_original": "http://sapl.manfrinopolis.pr.leg.br/media/sapl/public/materialegislativa/2023/844/indicacao_052-2023.pdf", "ementa": "Os Vereadores que a presente subscreve, na forma regimental, vem mui respeitosamente \u00e0 presen\u00e7a de Vossa Excel\u00eancia, INDICAR, ao Executivo Municipal, atrav\u00e9s do setor competente, que tome as provid\u00eancias necess\u00e1rias no sentido de revisar o sal\u00e1rio dos professores municipais pois os mesmos s\u00e3o merecedores do seu piso salarial, a atualiza\u00e7\u00e3o do piso salarial dos professores \u00e9 de fundamental import\u00e2ncia, visto que o piso nacional da categoria \u00e9 o valor m\u00ednimo a ser pago aos professores p\u00fablicos da educa\u00e7\u00e3o, assim atendendo as necessidades dos mun\u00edcipes."}, {"id": "779", "ano": "2023", "numero": "1", "tipo__sigla": "PRL", "tipo__descricao": "Projeto de Resolu\u00e7\u00e3o", "autoria": "Altair Panzera", "texto_original": "http://sapl.manfrinopolis.pr.leg.br/media/sapl/public/materialegislativa/2023/779/01-_projeto_de_resolucao_n001-2023_do_legislativo.pdf", "ementa": "Autoriza o Poder Legislativo Municipal a abrir um Cr\u00e9dito Adicional Especial, no or\u00e7amento  geral do Corrente exerc\u00edcio."}, {"id": "847", "ano": "2023", "numero": "2", "tipo__sigla": "PRL", "tipo__descricao": "Projeto de Resolu\u00e7\u00e3o", "autoria": "Altair Panzera", "texto_original": "http://sapl.manfrinopolis.pr.leg.br/media/sapl/public/materialegislativa/2023/847/resolucao_n_02-2023_-_regulamento_lgpd.pdf", "ementa": "Regulamenta a aplica\u00e7\u00e3o da Lei Federal n\u00ba 13.709, de 14 de agosto de 2018, Lei Geral de Prote\u00e7\u00e3o de Dados Pessoais (LGPD), no \u00e2mbito da, no \u00e2mbito da C\u00e2mara Municipal de Manfrin\u00f3polis \u2013 Paran\u00e1 e d\u00e1 outras provid\u00eancias."}, {"id": "848", "ano": "2023", "numero": "3", "tipo__sigla": "PRL", "tipo__descricao": "Projeto de Resolu\u00e7\u00e3o", "autoria": "Altair Panzera", "texto_original": "http://sapl.manfrinopolis.pr.leg.br/media/sapl/public/materialegislativa/2023/848/resolucao_n_03-2023_-_regulamento_lei_de_acesso_a_informacao.pdf", "ementa": "Regulamenta o Acesso \u00e0 Informa\u00e7\u00e3o P\u00fablica pelo Cidad\u00e3o (Lei Federal n\u00ba 12.527/2011), no \u00e2mbito do Poder Legislativo Municipal, cria Normas de Procedimentos e d\u00e1 outras provid\u00eancias."}, {"id": "849", "ano": "2023", "numero": "4", "tipo__sigla": "PRL", "tipo__descricao": "Projeto de Resolu\u00e7\u00e3o", "autoria": "Altair Panzera", "texto_original": "http://sapl.manfrinopolis.pr.leg.br/media/sapl/public/materialegislativa/2023/849/resolucao_n_04-2023_-_regulamento_governo_digital.pdf", "ementa": "Regulamenta a aplica\u00e7\u00e3o da Lei Federal n\u00ba 14.129/2021 e institui o Programa Municipal de Governo Digital no \u00e2mbito do Poder Legislativo Municipal e d\u00e1 outras provid\u00eancias."}, {"id": "850", "ano": "2023", "numero": "5", "tipo__sigla": "PRL", "tipo__descricao": "Projeto de Resolu\u00e7\u00e3o", "autoria": "Altair Panzera", "texto_original": "http://sapl.manfrinopolis.pr.leg.br/media/sapl/public/materialegislativa/2023/850/resolucao_n_05-2023_-_regulamento_ouvidoria.pdf", "ementa": "Regulamenta os procedimentos para a participa\u00e7\u00e3o, a prote\u00e7\u00e3o e a defesa dos direitos dos usu\u00e1rios de servi\u00e7os p\u00fablicos da C\u00e2mara Municipal, no \u00e2mbito do Poder Legislativo do munic\u00edpio de Manfrin\u00f3polis \u2013 Paran\u00e1, de que trata a Lei Federal n\u00ba 13.460, de 26 de junho de 2017, e institui a Ouvidoria da C\u00e2mara Municipal de Manfrin\u00f3polis \u2013 Paran\u00e1 e d\u00e1 outras provid\u00eancias."}, {"id": "495", "ano": "2023", "numero": "1", "tipo__sigla": "REQ", "tipo__descricao": "Requerimento", "autoria": "Sidney Jos\u00e9 Thomas", "texto_original": "http://sapl.manfrinopolis.pr.leg.br/media/sapl/public/materialegislativa/2023/495/requerimento_n001-2023-_mocao_de_aplauso.pdf", "ementa": "O Vereador abaixo assinado, no uso de suas atribui\u00e7\u00f5es legais e na forma do artigo 148\u00ba do Regimento Interno da C\u00e2mara Municipal de Vereadores de Manfrin\u00f3polis- PR, apresenta essa MO\u00c7\u00c3O DE APLAUSOS  a ARSS: ASSOCIA\u00c7\u00c3O REGIONAL DE SA\u00daDE DO SUDOESTE- CAPS AD III REGIONAL, pelos servi\u00e7os prestados a este mun\u00edcipio.\r\n\r\n\r\nJUSTIFICATIVA\r\n\r\nVenho por meio deste requerimento ter a honra de apresentar esta mo\u00e7\u00e3o de aplausos a ARSS: ASSOCIA\u00c7\u00c3O REGIONAL DE SA\u00daDE DO SUDOESTE- CAPS AD III REGIONAL, CNPJ: 00.333.678/0001-96 que se localiza na Rua Rigoleto Andr\u00e9oli, 17 - Centro, Marmeleiro \u2013 PR, o mesmo foi fundado no dia 01/03/2014, com o prop\u00f3sito de ajudar a vida de muitas pessoas.\r\nEu Sidney Jos\u00e9 Thomas me hospedei na ASSOCIA\u00c7\u00c3O REGIONAL DE SA\u00daDE no dia 15/02/2023, no qual fui muito bem atendido pela Coordenadora Marilene Manfrin Romio, oferecendo todo suporte poss\u00edvel a minha pessoa e a todos que estavam no local.\r\nCom o passar dos dias eu vi como \u00e9 importante este Centro de ajuda aos nossos munic\u00edpios"}, {"id": "496", "ano": "2023", "numero": "2", "tipo__sigla": "REQ", "tipo__descricao": "Requerimento", "autoria": "Domingos Alberto Rech", "texto_original": "http://sapl.manfrinopolis.pr.leg.br/media/sapl/public/materialegislativa/2023/496/requerimento_no_002-_licenca-_domingos.pdf", "ementa": "EU, Domingos Alberto Rech, BRASILEIRO com CPF 735.135.129-54, venho comunicar essa Egr\u00e9gia Casa de Leis a minha nomea\u00e7\u00e3o como Secret\u00e1rio de Agricultura do Munic\u00edpio de Manfrin\u00f3polis/PR, com fundamento no art. 23 do Regimento Interno (Resolu\u00e7\u00e3o N\u00ba 4/2018). Requeiro, dessa forma, licen\u00e7a do cargo de vereador, com fundamento no art. 21, inciso IV do Regimento Interno (para investidura em cargo de secret\u00e1rio ou assessor municipal e de diretor de autarquia, empresa p\u00fablica, funda\u00e7\u00e3o ou sociedade de economia mista), requerendo a concess\u00e3o da licen\u00e7a por ato da mesa diretiva (art. 22 do Regimento Interno)."}, {"id": "508", "ano": "2023", "numero": "3", "tipo__sigla": "REQ", "tipo__descricao": "Requerimento", "autoria": "Luiz Fernando Lopes da Costa", "texto_original": "http://sapl.manfrinopolis.pr.leg.br/media/sapl/public/materialegislativa/2023/508/requerimento_no_003-_justificativa_de_falta-_luiz_fernando.pdf", "ementa": "O Vereador que o presente subscreve, nos termos legais e regimentais, ouvindo o Plen\u00e1rio, solicita \u00e0 mesa Diretora da C\u00e2mara Municipal de Manfrin\u00f3polis, Estado do Paran\u00e1, que tomem as seguintes provid\u00eancias:\r\nDelibere juntamente com o plen\u00e1rio para a justificativa de falta, do Vereador Requerente, por estar se locomovendo de outra cidade ocorreu um imprevisto atrasando o hor\u00e1rio de sua chegada e n\u00e3o pode se fazer presente, \u00e0 Sess\u00e3o Ordin\u00e1ria do dia 20 de mar\u00e7o do corrente ano."}, {"id": "512", "ano": "2023", "numero": "4", "tipo__sigla": "REQ", "tipo__descricao": "Requerimento", "autoria": "Sidney Jos\u00e9 Thomas", "texto_original": "http://sapl.manfrinopolis.pr.leg.br/media/sapl/public/materialegislativa/2023/512/requerimento_no_004-_2023_-__justificativa_de_falta-_sidney_jose_thomas.pdf", "ementa": "O Vereador que o presente subscreve, nos termos legais e regimentais, ouvindo o Plen\u00e1rio, solicita \u00e0 mesa Diretora da C\u00e2mara Municipal de Manfrin\u00f3polis, Estado do Paran\u00e1, que tomem as seguintes provid\u00eancias:\r\nDelibere juntamente com o plen\u00e1rio para a justificativa de falta, do Vereador Requerente, por estar em reuni\u00e3o na Assembleia Legislativa do Estado do Paran\u00e1, n\u00e3o pode se fazer presente, \u00e0 Sess\u00e3o Ordin\u00e1ria do dia 27 de mar\u00e7o do corrente ano."}, {"id": "516", "ano": "2023", "numero": "5", "tipo__sigla": "REQ", "tipo__descricao": "Requerimento", "autoria": "Marcos Ant\u00f4nio Francisconi", "texto_original": "http://sapl.manfrinopolis.pr.leg.br/media/sapl/public/materialegislativa/2023/516/requerimento_no_005-_justificativa_de_falta-_marcos_a_francisconi.pdf", "ementa": "O Vereador que o presente subscreve, nos termos legais e regimentais, ouvindo o Plen\u00e1rio, solicita \u00e0 mesa Diretora da C\u00e2mara Municipal de Manfrin\u00f3polis, Estado do Paran\u00e1, que tomem as seguintes provid\u00eancias:\r\nDelibere juntamente com o plen\u00e1rio para a justificativa de falta, do Vereador Requerente, por estar doente, o mesmo apresentou atestado m\u00e9dico, e n\u00e3o pode se fazer presente, \u00e0 Sess\u00e3o Ordin\u00e1ria do dia 03 de Abril do corrente ano."}, {"id": "519", "ano": "2023", "numero": "6", "tipo__sigla": "REQ", "tipo__descricao": "Requerimento", "autoria": "Luiz Fernando Lopes da Costa", "texto_original": "http://sapl.manfrinopolis.pr.leg.br/media/sapl/public/materialegislativa/2023/519/requerimento_no_006-_justificativa_de_falta-_luiz_fernando_lopes_da_costa.pdf", "ementa": "O Vereador que o presente subscreve, nos termos legais e regimentais, ouvindo o Plen\u00e1rio, solicita \u00e0 mesa Diretora da C\u00e2mara Municipal de Manfrin\u00f3polis, Estado do Paran\u00e1, que tomem as seguintes provid\u00eancias:\r\nDelibere juntamente com o plen\u00e1rio para a justificativa de falta, do Vereador Requerente, por estar em visita a Deputados em Curitiba, em busca de projetos e recursos para o munic\u00edpio, n\u00e3o pode se fazer presente, \u00e0 Sess\u00e3o Ordin\u00e1ria do dia 03 de abril do corrente ano."}, {"id": "774", "ano": "2023", "numero": "7", "tipo__sigla": "REQ", "tipo__descricao": "Requerimento", "autoria": "Luiz Fernando Lopes da Costa", "texto_original": "http://sapl.manfrinopolis.pr.leg.br/media/sapl/public/materialegislativa/2023/774/requerimento_no_007-votacao_regime_de_urgencia-_luiz_fernando_lopes_da_costa.pdf", "ementa": "O Vereador que o presente subscreve, nos termos legais e regimentais, ouvindo o Plen\u00e1rio, solicita \u00e0 mesa Diretora da C\u00e2mara Municipal de Manfrin\u00f3polis, Estado do Paran\u00e1, que tomem as seguintes provid\u00eancias:\r\nDelibere juntamente com o plen\u00e1rio a urg\u00eancia para tramita\u00e7\u00e3o do projeto de Lei Ordin\u00e1ria N\u00b014/2023, do Executivo Municipal, no qual a ementa delibera sobre a cria\u00e7\u00e3o do Servi\u00e7o de Inspe\u00e7\u00e3o Municipal de Produtos de Origem Animal (SIM/POA) e revoga a Lei 0738/202, visando agilizar a implanta\u00e7\u00e3o do sistema SUSAF em nosso munic\u00edpio."}, {"id": "780", "ano": "2023", "numero": "8", "tipo__sigla": "REQ", "tipo__descricao": "Requerimento", "autoria": "Sidney Jos\u00e9 Thomas", "texto_original": "http://sapl.manfrinopolis.pr.leg.br/media/sapl/public/materialegislativa/2023/780/requerimento_no_008-_justificativa_de_falta-_sidney_jose_thomas.pdf", "ementa": "O Vereador que o presente subscreve, nos termos legais e regimentais, ouvindo o Plen\u00e1rio, solicita \u00e0 mesa Diretora da C\u00e2mara Municipal de Manfrin\u00f3polis, Estado do Paran\u00e1, que tomem as seguintes provid\u00eancias: Delibere juntamente com o plen\u00e1rio para a justificativa de falta, do Vereador Requerente, por estar doente, o mesmo apresentou atestado m\u00e9dico, e n\u00e3o pode se fazer presente, \u00e0 Sess\u00e3o Ordin\u00e1ria do dia 29 de maio do corrente ano.\r\nNestes termos pede-se deferimento."}, {"id": "787", "ano": "2023", "numero": "9", "tipo__sigla": "REQ", "tipo__descricao": "Requerimento", "autoria": "Marcos Ant\u00f4nio Francisconi", "texto_original": "http://sapl.manfrinopolis.pr.leg.br/media/sapl/public/materialegislativa/2023/787/requerimento_no_009-_justificativa_de_falta_-_marcos_francisconi.pdf", "ementa": "O Vereador que o presente subscreve, nos termos legais e  regimentais, ouvindo o Plen\u00e1rio, solicita \u00e0 mesa Diretora da C\u00e2mara Municipal de \r\nManfrin\u00f3polis, Estado do Paran\u00e1, que tomem as seguintes provid\u00eancias:  Delibere juntamente com o plen\u00e1rio para a justificativa de falta, do  Vereador Requerente, por ter realizado uma cirurgia, o mesmo apresentou atestado m\u00e9dico, e n\u00e3o pode se fazer presente, \u00e0 Sess\u00e3o Ordin\u00e1ria do dia 05 de junho do corrente ano."}, {"id": "832", "ano": "2023", "numero": "10", "tipo__sigla": "REQ", "tipo__descricao": "Requerimento", "autoria": "Altair Panzera", "texto_original": "http://sapl.manfrinopolis.pr.leg.br/media/sapl/public/materialegislativa/2023/832/requerimento_no_010-_justificativa_de_falta_altair_panzera.pdf", "ementa": "O Vereador que o presente subscreve, nos termos legais e regimentais, ouvindo o Plen\u00e1rio, solicita \u00e0 mesa Diretora da C\u00e2mara Municipal de Manfrin\u00f3polis, Estado do Paran\u00e1, que tomem as seguintes provid\u00eancias:\r\nDelibere juntamente com o plen\u00e1rio para a justificativa de falta, do Vereador Requerente, por estar em Curitiba na Cerim\u00f4nia de Libera\u00e7\u00e3o de Recursos no Pal\u00e1cio do Igua\u00e7u e reuni\u00e3o para tratar das demandas dos interesses do munic\u00edpio, tamb\u00e9m compareceu ao Gabinete do Deputado Ad\u00e3o Litro, n\u00e3o pode se fazer presente, \u00e0 Sess\u00e3o Ordin\u00e1ria do dia 25 de setembro do corrente ano."}, {"id": "833", "ano": "2023", "numero": "11", "tipo__sigla": "REQ", "tipo__descricao": "Requerimento", "autoria": "Jos\u00e9 Jo\u00e3o Machado Filho", "texto_original": "http://sapl.manfrinopolis.pr.leg.br/media/sapl/public/materialegislativa/2023/833/requerimento_no_011-_justificativa_de_falta_jose_joao_machado.pdf", "ementa": "O Vereador que o presente subscreve, nos termos legais e regimentais, ouvindo o Plen\u00e1rio, solicita \u00e0 mesa Diretora da C\u00e2mara Municipal de Manfrin\u00f3polis, Estado do Paran\u00e1, que tomem as seguintes provid\u00eancias:\r\nDelibere juntamente com o plen\u00e1rio para a justificativa de falta, do Vereador Requerente, por estar com problemas de sa\u00fade, e n\u00e3o pode se fazer presente, \u00e0 Sess\u00e3o Ordin\u00e1ria do dia 02 de outubro do corrente ano."}, {"id": "835", "ano": "2023", "numero": "12", "tipo__sigla": "REQ", "tipo__descricao": "Requerimento", "autoria": "Domingos Alberto Rech", "texto_original": "http://sapl.manfrinopolis.pr.leg.br/media/sapl/public/materialegislativa/2023/835/requerimento_no_012-_justificativa_de_falta.pdf", "ementa": "O Vereador que o presente subscreve, nos termos legais e regimentais, ouvindo o Plen\u00e1rio, solicita \u00e0 mesa Diretora da C\u00e2mara Municipal de Manfrin\u00f3polis, Estado do Paran\u00e1, que tomem as seguintes provid\u00eancias:\r\nDelibere juntamente com o plen\u00e1rio para a justificativa de falta, do Vereador Requerente, por ter tido um imprevisto familiar, e n\u00e3o pode se fazer presente, \u00e0 Sess\u00e3o Ordin\u00e1ria do dia 09 de outubro do corrente ano."}, {"id": "838", "ano": "2023", "numero": "13", "tipo__sigla": "REQ", "tipo__descricao": "Requerimento", "autoria": "Luiz Fernando Lopes da Costa", "texto_original": "http://sapl.manfrinopolis.pr.leg.br/media/sapl/public/materialegislativa/2023/838/requerimento_no_013-_justificativa_de_falta_luiz_fernando_lopes_da_costa.pdf", "ementa": "O Vereador que o presente subscreve, nos termos legais e regimentais, ouvindo o Plen\u00e1rio, solicita \u00e0 mesa Diretora da C\u00e2mara Municipal de Manfrin\u00f3polis, Estado do Paran\u00e1, que tomem as seguintes provid\u00eancias:\r\nDelibere juntamente com o plen\u00e1rio para a justificativa de falta, do Vereador Requerente, por estar acompanhando seu pai que teve problemas de sa\u00fade e precisou ficar internado, assim n\u00e3o pode se fazer presente, \u00e0s Sess\u00f5es Ordin\u00e1rias do dia 23 e 30 outubro do corrente ano."}, {"id": "845", "ano": "2023", "numero": "14", "tipo__sigla": "REQ", "tipo__descricao": "Requerimento", "autoria": "Ilena de F\u00e1tima Pegoraro Oliveira", "texto_original": "http://sapl.manfrinopolis.pr.leg.br/media/sapl/public/materialegislativa/2023/845/requerimento_afastamento_prefeita.pdf", "ementa": "Solicitar a concess\u00e3o de licen\u00e7a, mediante Decreto Legislativo, com o fito de autorizar, no exerc\u00edcio de 2024 no per\u00edodo de 16/01/ \u00e0 15/02, a se ausentar do Munic\u00edpio por per\u00edodo superior a quinze dias consecutivos e do territ\u00f3rio nacional por qualquer prazo, inclusive, em ambos os casos, por motivos de ordem privada e familiar, tendo em vista que estar\u00e1 em gozo do per\u00edodo de f\u00e9rias."}, {"id": "846", "ano": "2023", "numero": "15", "tipo__sigla": "REQ", "tipo__descricao": "Requerimento", "autoria": "Altair Panzera", "texto_original": "http://sapl.manfrinopolis.pr.leg.br/media/sapl/public/materialegislativa/2023/846/requerimento_no_015-_justificativa_de_falta_altair_panzera.pdf", "ementa": "O Vereador que o presente subscreve, nos termos legais e regimentais, ouvindo o Plen\u00e1rio, solicita \u00e0 mesa Diretora da C\u00e2mara Municipal de Manfrin\u00f3polis, Estado do Paran\u00e1, que tomem as seguintes provid\u00eancias:\r\nDelibere juntamente com o plen\u00e1rio para a justificativa de falta, do Vereador Requerente, por estar em visita a Assembleia Legislativa para tratar das demandas dos interesses do munic\u00edpio juntamente com o Deputado Ad\u00e3o Litro, assim n\u00e3o pode se fazer presente, \u00e0 Sess\u00e3o Ordin\u00e1ria do dia 04 de dezembro do corrente ano."}, {"id": "852", "ano": "2023", "numero": "16", "tipo__sigla": "REQ", "tipo__descricao": "Requerimento", "autoria": "Domingos Alberto Rech", "texto_original": "http://sapl.manfrinopolis.pr.leg.br/media/sapl/public/materialegislativa/2023/852/requerimento_n016-2023.pdf", "ementa": "O Vereador que o presente subscreve, nos termos legais e regimentais, ouvindo o Plen\u00e1rio, solicita \u00e0 mesa Diretora da C\u00e2mara Municipal de Manfrin\u00f3polis, Estado do Paran\u00e1, que tomem as seguintes provid\u00eancias:\r\nDelibere juntamente com o plen\u00e1rio para a justificativa de falta, do Vereador Requerente, por estar com problemas de press\u00e3o alta, assim n\u00e3o pode se fazer presente, \u00e0 Sess\u00e3o Ordin\u00e1ria do dia 11 de dezembro do corrente ano. \r\nNestes termos pede-se deferimento."}, {"id": "477", "ano": "2023", "numero": "1", "tipo__sigla": "POR", "tipo__descricao": "Portaria", "autoria": "Altair Panzera", "texto_original": "http://sapl.manfrinopolis.pr.leg.br/media/sapl/public/materialegislativa/2023/477/portaria_no_001-2023_-_nomeacao_comissoes.doc", "ementa": "Nomeia as Comiss\u00f5es Permanentes da C\u00e2mara Municipal de Vereadores de Manfrin\u00f3polis-Pr."}, {"id": "789", "ano": "2023", "numero": "2", "tipo__sigla": "POR", "tipo__descricao": "Portaria", "autoria": "Altair Panzera", "texto_original": "http://sapl.manfrinopolis.pr.leg.br/media/sapl/public/materialegislativa/2023/789/portaria_no_002-2023-_nomecao_do_tesoureiro.doc", "ementa": "Nomeia Tesoureiro da C\u00e2mara Municipal de Vereadores de Manfrin\u00f3polis-Pr."}, {"id": "790", "ano": "2023", "numero": "3", "tipo__sigla": "POR", "tipo__descricao": "Portaria", "autoria": "Altair Panzera", "texto_original": "http://sapl.manfrinopolis.pr.leg.br/media/", "ementa": "Concede f\u00e9rias a servidor da C\u00e2mara Municipal de Vereadores e d\u00e1 outras provid\u00eancias."}, {"id": "791", "ano": "2023", "numero": "4", "tipo__sigla": "POR", "tipo__descricao": "Portaria", "autoria": "Altair Panzera", "texto_original": "http://sapl.manfrinopolis.pr.leg.br/media/", "ementa": "Concede f\u00e9rias a servidor da C\u00e2mara Municipal de Vereadores e d\u00e1 outras provid\u00eancias."}, {"id": "792", "ano": "2023", "numero": "5", "tipo__sigla": "POR", "tipo__descricao": "Portaria", "autoria": "Altair Panzera", "texto_original": "http://sapl.manfrinopolis.pr.leg.br/media/sapl/public/materialegislativa/2023/792/portaria_no_005-2023_-_ferias_eduardo.doc", "ementa": "Concede f\u00e9rias a servidor da C\u00e2mara Municipal de Vereadores e d\u00e1 outras provid\u00eancias."}, {"id": "793", "ano": "2023", "numero": "6", "tipo__sigla": "POR", "tipo__descricao": "Portaria", "autoria": "Altair Panzera", "texto_original": "http://sapl.manfrinopolis.pr.leg.br/media/sapl/public/materialegislativa/2023/793/portaria_no_006-2023_-_licenca_hingrid_-_falecimento_avo.docx", "ementa": "Concede Licen\u00e7a a servidora da C\u00e2mara Municipal de Vereadores e d\u00e1 outras provid\u00eancias."}, {"id": "794", "ano": "2023", "numero": "8", "tipo__sigla": "POR", "tipo__descricao": "Portaria", "autoria": "Altair Panzera", "texto_original": "http://sapl.manfrinopolis.pr.leg.br/media/sapl/public/materialegislativa/2023/794/portaria_no_008-2023_-_nomeia_comissao_de_licitacao.doc", "ementa": "Nomeia membros da Comiss\u00e3o Permanente de Licita\u00e7\u00f5es."}, {"id": "795", "ano": "2023", "numero": "9", "tipo__sigla": "POR", "tipo__descricao": "Portaria", "autoria": "Altair Panzera", "texto_original": "http://sapl.manfrinopolis.pr.leg.br/media/sapl/public/materialegislativa/2023/795/portaria_no_009-2023_-_ferias_gabriel.docx", "ementa": "Concede f\u00e9rias a servidor da C\u00e2mara Municipal de Vereadores e d\u00e1 outras provid\u00eancias."}, {"id": "796", "ano": "2023", "numero": "10", "tipo__sigla": "POR", "tipo__descricao": "Portaria", "autoria": "Altair Panzera", "texto_original": "http://sapl.manfrinopolis.pr.leg.br/media/sapl/public/materialegislativa/2023/796/portaria_no_010-2023_-_ferias_silvanie.doc", "ementa": "Concede f\u00e9rias a servidora da C\u00e2mara Municipal de Vereadores e d\u00e1 outras provid\u00eancias."}, {"id": "797", "ano": "2023", "numero": "11", "tipo__sigla": "POR", "tipo__descricao": "Portaria", "autoria": "Altair Panzera", "texto_original": "http://sapl.manfrinopolis.pr.leg.br/media/sapl/public/materialegislativa/2023/797/portaria_no_011-2023_-_ferias_hingrid.docx", "ementa": "Concede f\u00e9rias a servidor da C\u00e2mara Municipal de Vereadores e d\u00e1 outras provid\u00eancias."}, {"id": "798", "ano": "2023", "numero": "12", "tipo__sigla": "POR", "tipo__descricao": "Portaria", "autoria": "Altair Panzera", "texto_original": "http://sapl.manfrinopolis.pr.leg.br/media/sapl/public/materialegislativa/2023/798/portaria_no_012-2023_-_conversao_licenca_premio_hingrid.docx", "ementa": "Concede convers\u00e3o de 1/3 da licen\u00e7a pr\u00eamio em abono pecuni\u00e1rio a servidora da C\u00e2mara Municipal de Vereadores e d\u00e1 outras provid\u00eancias."}, {"id": "788", "ano": "2023", "numero": "13", "tipo__sigla": "POR", "tipo__descricao": "Portaria", "autoria": "Altair Panzera", "texto_original": "http://sapl.manfrinopolis.pr.leg.br/media/sapl/public/materialegislativa/2023/788/portaria_no_013-2023_-_comissao_de_estagio_probatorio.doc", "ementa": "Nomeia membros da Comiss\u00e3o Especial de Avalia\u00e7\u00e3o de Est\u00e1gio Probat\u00f3rio"}, {"id": "799", "ano": "2023", "numero": "14", "tipo__sigla": "POR", "tipo__descricao": "Portaria", "autoria": "Altair Panzera", "texto_original": "http://sapl.manfrinopolis.pr.leg.br/media/sapl/public/materialegislativa/2023/799/portaria_no_014-2023_-_licenca_premio_silvanie.doc", "ementa": "Concede Licen\u00e7a Pr\u00eamio a servidora da C\u00e2mara Municipal de Vereadores e d\u00e1 outras provid\u00eancias."}, {"id": "800", "ano": "2023", "numero": "15", "tipo__sigla": "POR", "tipo__descricao": "Portaria", "autoria": "Altair Panzera", "texto_original": "http://sapl.manfrinopolis.pr.leg.br/media/sapl/public/materialegislativa/2023/800/portaria_no_015-2023_-_conversao_licenca_premio_eduardo.docx", "ementa": "Concede convers\u00e3o de 1/3 da licen\u00e7a pr\u00eamio em abono pecuni\u00e1rio ao servidor da C\u00e2mara Municipal de Vereadores e d\u00e1 outras provid\u00eancias."}, {"id": "801", "ano": "2023", "numero": "16", "tipo__sigla": "POR", "tipo__descricao": "Portaria", "autoria": "Altair Panzera", "texto_original": "http://sapl.manfrinopolis.pr.leg.br/media/sapl/public/materialegislativa/2023/801/portaria_no_016-2023_-_licenca_premio_eduardo.doc", "ementa": "Concede Licen\u00e7a Pr\u00eamio ao servidor da C\u00e2mara Municipal de Vereadores e d\u00e1 outras provid\u00eancias."}, {"id": "802", "ano": "2023", "numero": "17", "tipo__sigla": "POR", "tipo__descricao": "Portaria", "autoria": "Altair Panzera", "texto_original": "http://sapl.manfrinopolis.pr.leg.br/media/sapl/public/materialegislativa/2023/802/portaria_no_017-2023_-_licenca_premio_hingridi.doc", "ementa": "Concede Licen\u00e7a Pr\u00eamio a servidora da C\u00e2mara Municipal de Vereadores e d\u00e1 outras provid\u00eancias."}, {"id": "803", "ano": "2023", "numero": "18", "tipo__sigla": "POR", "tipo__descricao": "Portaria", "autoria": "Altair Panzera", "texto_original": "http://sapl.manfrinopolis.pr.leg.br/media/", "ementa": "Concede f\u00e9rias a servidor da C\u00e2mara Municipal de Vereadores e d\u00e1 outras provid\u00eancias."}, {"id": "806", "ano": "2023", "numero": "19", "tipo__sigla": "POR", "tipo__descricao": "Portaria", "autoria": "Altair Panzera", "texto_original": "http://sapl.manfrinopolis.pr.leg.br/media/sapl/public/materialegislativa/2023/806/portaria_no_019-2023_-_convocacao_retorno_licenca_premio.docx", "ementa": "Suspens\u00e3o de licen\u00e7a-pr\u00eamio concedido a  servidora da C\u00e2mara Municipal de  Vereadores, em raz\u00e3o de interesse p\u00fablico  e d\u00e1 outras provid\u00eancias."}, {"id": "822", "ano": "2023", "numero": "20", "tipo__sigla": "POR", "tipo__descricao": "Portaria", "autoria": "Altair Panzera", "texto_original": "http://sapl.manfrinopolis.pr.leg.br/media/", "ementa": "Suspens\u00e3o de licen\u00e7a-pr\u00eamio concedido a servidora da C\u00e2mara Municipal de Vereadores, em raz\u00e3o de interesse p\u00fablico e d\u00e1 outras provid\u00eancias."}, {"id": "831", "ano": "2023", "numero": "21", "tipo__sigla": "POR", "tipo__descricao": "Portaria", "autoria": "", "texto_original": "http://sapl.manfrinopolis.pr.leg.br/media/", "ementa": "Concede Licen\u00e7a Pr\u00eamio a servidora da C\u00e2mara Municipal de Vereadores e d\u00e1 outras provid\u00eancias."}, {"id": "824", "ano": "2023", "numero": "1", "tipo__sigla": "Mo\u00e7\u00e3o", "tipo__descricao": "Mo\u00e7\u00e3o", "autoria": "Ademir da Rosa, Altair Panzera, Domingos Alberto Rech, Fernando Gandin, Jos\u00e9 Jo\u00e3o Machado Filho, Luiz Fernando Lopes da Costa, Manoel Vanderlei Lopes, Marcos Ant\u00f4nio Francisconi, Sidney Jos\u00e9 Thomas", "texto_original": "http://sapl.manfrinopolis.pr.leg.br/media/sapl/public/materialegislativa/2023/824/mocao.pdf", "ementa": "Requer da Mesa Diretora envio de mo\u00e7\u00e3o de apoio ao Congresso Nacional, e ao Senado Federal em face da tentativa de legaliza\u00e7\u00e3o do aborto por meio da ADPF 442, a fim de garantir as prerrogativas constitucionais e republicanas das compet\u00eancias do Poder Legislativo e de se evitar um poss\u00edvel ativismo judicial por parte do Supremo Tribunal Federal."}]}