{"headers": {"id": "ID", "ano": "Ano", "numero": "N\u00famero", "tipo__sigla": "Tipo de Mat\u00e9ria Legislativa/Sigla", "tipo__descricao": "Tipo de Mat\u00e9ria Legislativa/Descri\u00e7\u00e3o", "autoria": "Autorias", "texto_original": "Texto Original", "ementa": "Ementa"}, "results": [{"id": "13", "ano": "2020", "numero": "5", "tipo__sigla": "PLO", "tipo__descricao": "Projeto de Lei Ordin\u00e1ria", "autoria": "Caetano Ilair Alievi", "texto_original": "http://sapl.manfrinopolis.pr.leg.br/media/sapl/public/materialegislativa/2020/13/projeto_5-2020.pdf", "ementa": "Reajusta os vencimentos dos servidores p\u00fablicos municipais e d\u00e1 outras provid\u00eancias."}, {"id": "14", "ano": "2020", "numero": "6", "tipo__sigla": "PLO", "tipo__descricao": "Projeto de Lei Ordin\u00e1ria", "autoria": "Caetano Ilair Alievi", "texto_original": "http://sapl.manfrinopolis.pr.leg.br/media/sapl/public/materialegislativa/2020/14/projeto_6-2020.pdf", "ementa": "Estabelece normas para o pagamento de di\u00e1rias aos agentes p\u00fablicos no \u00e2mbito do Poder Executivo do Munic\u00edpio de Manfrin\u00f3polis e d\u00e1 outras provid\u00eancias."}, {"id": "25", "ano": "2020", "numero": "9", "tipo__sigla": "PLO", "tipo__descricao": "Projeto de Lei Ordin\u00e1ria", "autoria": "Caetano Ilair Alievi", "texto_original": "http://sapl.manfrinopolis.pr.leg.br/media/sapl/public/materialegislativa/2020/25/projeto_09-2020.pdf", "ementa": "Autoriza o Poder Executivo Municipal de Manfrin\u00f3polis, Estado do Paran\u00e1, alienar bem m\u00f3vel de propriedade do Munic\u00edpio e d\u00e1 outras provid\u00eancias."}, {"id": "26", "ano": "2020", "numero": "10", "tipo__sigla": "PLO", "tipo__descricao": "Projeto de Lei Ordin\u00e1ria", "autoria": "Caetano Ilair Alievi", "texto_original": "http://sapl.manfrinopolis.pr.leg.br/media/sapl/public/materialegislativa/2020/26/projeto_10-2020.pdf", "ementa": "Autoriza o Poder Executivo Municipal de Manfrin\u00f3polis, Estado do Paran\u00e1, a conceder incentivo, mediante contrato administrativo de Concess\u00e3o de Direito Real de Uso de bem im\u00f3vel e d\u00e1 outras provid\u00eancias."}, {"id": "123", "ano": "2020", "numero": "17", "tipo__sigla": "PLO", "tipo__descricao": "Projeto de Lei Ordin\u00e1ria", "autoria": "Caetano Ilair Alievi", "texto_original": "http://sapl.manfrinopolis.pr.leg.br/media/sapl/public/materialegislativa/2020/123/projeto_lei_17-2020.pdf", "ementa": "Autoriza o Poder Executivo Municipal a abrir um Cr\u00e9dito Adicional Especial, no or\u00e7amento geral do corrente exerc\u00edcio."}, {"id": "138", "ano": "2020", "numero": "18", "tipo__sigla": "PLO", "tipo__descricao": "Projeto de Lei Ordin\u00e1ria", "autoria": "Caetano Ilair Alievi", "texto_original": "http://sapl.manfrinopolis.pr.leg.br/media/sapl/public/materialegislativa/2020/138/projeto_lei_18-2020.pdf", "ementa": "Autoriza o Poder Executivo Municipal a adquirir por compra o Direito de Explora\u00e7\u00e3o de Po\u00e7o Artesiano e da outras Providencias."}, {"id": "139", "ano": "2020", "numero": "19", "tipo__sigla": "PLO", "tipo__descricao": "Projeto de Lei Ordin\u00e1ria", "autoria": "Caetano Ilair Alievi", "texto_original": "http://sapl.manfrinopolis.pr.leg.br/media/sapl/public/materialegislativa/2020/139/projeto_lei_19-2020.pdf", "ementa": "ESTIMA A RECEITA E FIXA A DESPESA DO MUNIC\u00cdPIO DE MANFRIN\u00d3POLIS PARA O EXERC\u00cdCIO DE 2021."}, {"id": "140", "ano": "2020", "numero": "20", "tipo__sigla": "PLO", "tipo__descricao": "Projeto de Lei Ordin\u00e1ria", "autoria": "Caetano Ilair Alievi", "texto_original": "http://sapl.manfrinopolis.pr.leg.br/media/sapl/public/materialegislativa/2020/140/01-_projeto_no_020-2020-_concessao_direito_real_de_uso_de_bem_imovel.pdf", "ementa": "Autoriza o Poder Executivo Municipal de Manfrin\u00f3polis, Estado do Paran\u00e1, a conceder incentivo, mediante contrato administrativo de Concess\u00e3o de Direito Real de Uso de bem im\u00f3vel e d\u00e1 outras provid\u00eancias."}, {"id": "141", "ano": "2020", "numero": "21", "tipo__sigla": "PLO", "tipo__descricao": "Projeto de Lei Ordin\u00e1ria", "autoria": "Caetano Ilair Alievi", "texto_original": "http://sapl.manfrinopolis.pr.leg.br/media/sapl/public/materialegislativa/2020/141/projeto_lei_21-2020.pdf", "ementa": "Autoriza o Poder Executivo Municipal a abrir um Cr\u00e9dito Adicional Especial, no or\u00e7amento geral do corrente exerc\u00edcio."}, {"id": "142", "ano": "2020", "numero": "22", "tipo__sigla": "PLO", "tipo__descricao": "Projeto de Lei Ordin\u00e1ria", "autoria": "Caetano Ilair Alievi", "texto_original": "http://sapl.manfrinopolis.pr.leg.br/media/sapl/public/materialegislativa/2020/142/projeto_lei_22-2020.pdf", "ementa": "Autoriza o Poder Executivo Municipal a abrir um Cr\u00e9dito Adicional Suplementar, no or\u00e7amento geral do corrente exerc\u00edcio."}, {"id": "7", "ano": "2020", "numero": "1", "tipo__sigla": "EM", "tipo__descricao": "Emenda", "autoria": "Caetano Ilair Alievi", "texto_original": "http://sapl.manfrinopolis.pr.leg.br/media/", "ementa": "EMENDA/MENSAGEM ADITIVA AO PROJETO DE LEI N\u00ba 001/2020 DO EXECUTIVO"}, {"id": "94", "ano": "2020", "numero": "2", "tipo__sigla": "EM", "tipo__descricao": "Emenda", "autoria": "CFO - Comiss\u00e3o de Finan\u00e7as e Or\u00e7amento", "texto_original": "http://sapl.manfrinopolis.pr.leg.br/media/sapl/public/materialegislativa/2020/94/ec_01-2020_-_ldo.pdf", "ementa": "Emenda ao projeto que \"Disp\u00f5em sobre as diretrizes para elabora\u00e7\u00e3o da Lei Or\u00e7ament\u00e1ria do Munic\u00edpio de Manfrin\u00f3polis para o exerc\u00edcio de 2021 e d\u00e1 outras provid\u00eancias.\""}, {"id": "106", "ano": "2020", "numero": "3", "tipo__sigla": "EM", "tipo__descricao": "Emenda", "autoria": "Brizola", "texto_original": "http://sapl.manfrinopolis.pr.leg.br/media/sapl/public/materialegislativa/2020/106/emenda_03.pdf", "ementa": "Fixa os subs\u00eddios dos Vereadores do Munic\u00edpio para a pr\u00f3xima legislatura (2021/2024). Emenda: Vereador - R$2.100,00 - Presidente: R$2.730,00"}, {"id": "107", "ano": "2020", "numero": "4", "tipo__sigla": "EM", "tipo__descricao": "Emenda", "autoria": "Domingos Alberto Rech", "texto_original": "http://sapl.manfrinopolis.pr.leg.br/media/sapl/public/materialegislativa/2020/107/emenda_04.pdf", "ementa": "Fixa os subs\u00eddios dos Vereadores do Munic\u00edpio para a pr\u00f3xima legislatura (2021/2024). Vereador: 1.500,00, Presidente: R$ 1.950,00"}, {"id": "108", "ano": "2020", "numero": "5", "tipo__sigla": "EM", "tipo__descricao": "Emenda", "autoria": "Domingos Alberto Rech", "texto_original": "http://sapl.manfrinopolis.pr.leg.br/media/sapl/public/materialegislativa/2020/108/emenda_05.pdf", "ementa": "Disp\u00f5e sobre o Subs\u00eddio do Prefeito, Vice-Prefeito e dos Secret\u00e1rios Municipais do Munic\u00edpio de Manfrin\u00f3polis para a pr\u00f3xima Legislatura (2021/2024). Prefeito Municipal: R$ 5.000,00, Vice Prefeito: R$ 1.950,00 e Secret\u00e1rios Municipais: R$ 1.500,00 ."}, {"id": "40", "ano": "2020", "numero": "1", "tipo__sigla": "IND", "tipo__descricao": "Indica\u00e7\u00e3o", "autoria": "Domingos Alberto Rech, Tiago Aparecido Thomas", "texto_original": "http://sapl.manfrinopolis.pr.leg.br/media/sapl/public/materialegislativa/2020/40/indicacao_no_001-_atualizacao_planos_cargos-domingos.pdf", "ementa": "INDICAR, ao Executivo Municipal, atrav\u00e9s do Setor competente, que tome as provid\u00eancias necess\u00e1rias, solicitando a atualiza\u00e7\u00e3o dos planos de cargos e sal\u00e1rios e a revis\u00e3o dos vencimentos b\u00e1sicos de todos os servidores p\u00fablicos municipais. Tendo em vista a m\u00e9dia salarial regional e os pisos salariais dos profissionais do Brasil, a fim de comunicar que as leis n\u00ba529/2014, n\u00ba 0565/2015, n\u00ba 0598/2016, n\u00ba 0654/2017 e n\u00ba 0648/2017, referente ao Quadro \u00danico dos Servidores, est\u00e3o dispon\u00edvel no Portal da Transpar\u00eancia e seu acesso \u00e9 atrav\u00e9s do link: https://leismunicipais.com.br/camara/pr/manfrinopolis"}, {"id": "41", "ano": "2020", "numero": "2", "tipo__sigla": "IND", "tipo__descricao": "Indica\u00e7\u00e3o", "autoria": "Claudecir Pegoraro, Marcos Ant\u00f4nio Francisconi", "texto_original": "http://sapl.manfrinopolis.pr.leg.br/media/sapl/public/materialegislativa/2020/41/indicacao_no_002-_construcao_de_pontilhao-_claude_d9o0i6N.pdf", "ementa": "INDICAR, ao Executivo Municipal, atrav\u00e9s do Setor competente, que tome as provid\u00eancias necess\u00e1rias no sentido de viabilizar\r\nrecurso para constru\u00e7\u00e3o de um pontilh\u00e3o sobre o Rio Barra Grande, na Comunidade S\u00e3o Sebasti\u00e3o da Bela Vista ( Barra Grande),pr\u00f3ximo as propriedades dos Senhores Alcides Bazotti e Jorge Tonelo"}, {"id": "42", "ano": "2020", "numero": "3", "tipo__sigla": "IND", "tipo__descricao": "Indica\u00e7\u00e3o", "autoria": "Claudecir Pegoraro, Marcos Ant\u00f4nio Francisconi", "texto_original": "http://sapl.manfrinopolis.pr.leg.br/media/sapl/public/materialegislativa/2020/42/indicacao_no_003-_recapeamento_asfaltico_-marcos__4xJ0JCy.pdf", "ementa": "INDICAR, ao Executivo Municipal, atrav\u00e9s do Setor competente, que tome as provid\u00eancias necess\u00e1rias no sentido de viabilizar recurso, recapeamento asf\u00e1ltico no referido trecho da PR \u2013 483 at\u00e9 a Comunidade S\u00e3o Sebasti\u00e3o da Bela Vista (Barra Grande)."}, {"id": "43", "ano": "2020", "numero": "4", "tipo__sigla": "IND", "tipo__descricao": "Indica\u00e7\u00e3o", "autoria": "Marcos Ant\u00f4nio Francisconi", "texto_original": "http://sapl.manfrinopolis.pr.leg.br/media/sapl/public/materialegislativa/2020/43/indicacao_no_004-concessao_predio_publico-__marco_hFi0EeA.pdf", "ementa": "INDICAR, ao Executivo Municipal, atrav\u00e9s do Setor competente, que tome as provid\u00eancias necess\u00e1rias no sentido conceder em\r\nregime concess\u00e3o de uso o pr\u00e9dio da antiga Escola Get\u00falio Vargas, localizado na Comunidade Santa Terezinha para o Senhor Genoir de Paula, para implanta\u00e7\u00e3o de uma f\u00e1brica de embutidos."}, {"id": "44", "ano": "2020", "numero": "5", "tipo__sigla": "IND", "tipo__descricao": "Indica\u00e7\u00e3o", "autoria": "Taisller Guimar\u00e3es da Silva", "texto_original": "http://sapl.manfrinopolis.pr.leg.br/media/sapl/public/materialegislativa/2020/44/indicacao_no_005-_recuperacao_das_estradas_aparec_4Tcry9h.pdf", "ementa": "INDICAR, ao Executivo Municipal, atrav\u00e9s do Setor competente, no sentido de viabilizar recurso, para repara\u00e7\u00e3o da estrada\r\nde acesso a Comunidade da Linha Aparecida."}, {"id": "45", "ano": "2020", "numero": "6", "tipo__sigla": "IND", "tipo__descricao": "Indica\u00e7\u00e3o", "autoria": "Ademir da Rosa", "texto_original": "http://sapl.manfrinopolis.pr.leg.br/media/sapl/public/materialegislativa/2020/45/indicacao_no_006-_concessao-_santa_lucia-_ademir.pdf", "ementa": "INDICAR, ao Executivo Municipal, atrav\u00e9s do Setor competente, para que ap\u00f3s estudo e projeto de viabilidade destine para Associa\u00e7\u00e3o da Santa Luzia, atrav\u00e9s de concess\u00e3o de direito real de uso os equipamentos agr\u00edcolas,( carreta agr\u00edcola e a grade\r\naradora)."}, {"id": "46", "ano": "2020", "numero": "7", "tipo__sigla": "IND", "tipo__descricao": "Indica\u00e7\u00e3o", "autoria": "Domingos Alberto Rech, Taisller Guimar\u00e3es da Silva", "texto_original": "http://sapl.manfrinopolis.pr.leg.br/media/sapl/public/materialegislativa/2020/46/indicacao_no_007-_substituicao_das_lampadas-_domingos.pdf", "ementa": "INDICAR, ao Executivo Municipal, atrav\u00e9s do Setor competente, que tome as provid\u00eancias necess\u00e1rias, para que proceda a\r\nsubstitui\u00e7\u00e3o de todas as iluminarias convencionais por l\u00e2mpadas LED (light emitting diode)."}, {"id": "47", "ano": "2020", "numero": "8", "tipo__sigla": "IND", "tipo__descricao": "Indica\u00e7\u00e3o", "autoria": "Tiago Aparecido Thomas", "texto_original": "http://sapl.manfrinopolis.pr.leg.br/media/sapl/public/materialegislativa/2020/47/indicacao_no_008-_aquisicao__container-_tiago.pdf", "ementa": "INDICA\u00c7\u00c3O ao Sr. Caetano Ilair Alievi, Prefeito Municipal de Manfrin\u00f3polis, atrav\u00e9s do setor competente, que tome as provid\u00eancias necess\u00e1rias para aquisi\u00e7\u00e3o e substitui\u00e7\u00f5es das lixeiras (tambor) por lixeiras cont\u00eaineres."}, {"id": "48", "ano": "2020", "numero": "9", "tipo__sigla": "IND", "tipo__descricao": "Indica\u00e7\u00e3o", "autoria": "Domingos Alberto Rech", "texto_original": "http://sapl.manfrinopolis.pr.leg.br/media/sapl/public/materialegislativa/2020/48/indicacao_no_009-_redutor_de_velocidade_colegio.pdf", "ementa": "INDICAR, ao Executivo Municipal, atrav\u00e9s do Setor competente, que tome as provid\u00eancias necess\u00e1rias no sentido de viabilizar recurso, para que determine a constru\u00e7\u00e3o de dois redutores de velocidade e instala\u00e7\u00e3o de placas de sinaliza\u00e7\u00e3o de\r\nestacionamento de \u00f4nibus, visando a trafegabilidade de outros ve\u00edculos na Rua Ernesto Panzera, frente ao Col\u00e9gio Estadual S\u00e3o Crist\u00f3v\u00e3o."}, {"id": "49", "ano": "2020", "numero": "10", "tipo__sigla": "IND", "tipo__descricao": "Indica\u00e7\u00e3o", "autoria": "Domingos Alberto Rech", "texto_original": "http://sapl.manfrinopolis.pr.leg.br/media/sapl/public/materialegislativa/2020/49/indicacao_no010-_guardar_os_cxarros_na_garagem-_domingos.pdf", "ementa": "INDICAR, ao Executivo Municipal, atrav\u00e9s do Setor competente, que tome as provid\u00eancias necess\u00e1rias para que todos os carros (excetos os carros de plant\u00e3o) da prefeitura sejam guardados no p\u00e1tio de m\u00e1quinas, logo ap\u00f3s expediente."}, {"id": "50", "ano": "2020", "numero": "11", "tipo__sigla": "IND", "tipo__descricao": "Indica\u00e7\u00e3o", "autoria": "Tiago Aparecido Thomas", "texto_original": "http://sapl.manfrinopolis.pr.leg.br/media/sapl/public/materialegislativa/2020/50/indicacao_no011-_construcao_de_bueiros_inteligent_gQtt9HC.pdf", "ementa": "INDICAR, ao Executivo Municipal, atrav\u00e9s do Setor competente, que tome as provid\u00eancias necess\u00e1rias no sentido de viabilizar recurso para a implanta\u00e7\u00e3o de bueiros inteligentes."}, {"id": "51", "ano": "2020", "numero": "12", "tipo__sigla": "IND", "tipo__descricao": "Indica\u00e7\u00e3o", "autoria": "Tiago Aparecido Thomas", "texto_original": "http://sapl.manfrinopolis.pr.leg.br/media/", "ementa": "INDICAR, ao Executivo Municipal, atrav\u00e9s do Setor competente, que tome as provid\u00eancias necess\u00e1rias no sentido de viabilizar recurso para constru\u00e7\u00e3o de pavimenta\u00e7\u00e3o poli\u00e9drica e instala\u00e7\u00e3o da rede de ilumina\u00e7\u00e3o p\u00fablica no Bairro Campo Velho ao Bairro Centro Novo."}, {"id": "52", "ano": "2020", "numero": "13", "tipo__sigla": "IND", "tipo__descricao": "Indica\u00e7\u00e3o", "autoria": "Brizola", "texto_original": "http://sapl.manfrinopolis.pr.leg.br/media/sapl/public/materialegislativa/2020/52/indicacao_no013-_encanamento_da_rede_de_agua_gleb_TPXRDrk.pdf", "ementa": "INDICAR, ao Executivo Municipal, atrav\u00e9s do Setor competente, que tome as provid\u00eancias necess\u00e1rias no sentido de viabilizar\r\nrecurso para conclus\u00e3o da instala\u00e7\u00e3o e encanamento da rede abastecimento de \u00e1gua na Comunidade Gleba dos Morros."}, {"id": "53", "ano": "2020", "numero": "14", "tipo__sigla": "IND", "tipo__descricao": "Indica\u00e7\u00e3o", "autoria": "Ademir da Rosa, Ant\u00f4nio Pereira, Brizola", "texto_original": "http://sapl.manfrinopolis.pr.leg.br/media/sapl/public/materialegislativa/2020/53/indicacao_no014-_aquisicao_patrulha_-_ildo_ademir_antonio.pdf", "ementa": "INDICAR, ao Executivo Municipal, atrav\u00e9s do Setor competente, que tome as provid\u00eancias necess\u00e1rias no sentido de viabilizar\r\nrecursos junto ao Governo Federal ou Estadual, para aquisi\u00e7\u00e3o de uma patrulha agr\u00edcola, que a mesma seja destinada para Comunidade Linha S\u00e3o Jo\u00e3o, Alto S\u00e3o Jo\u00e3o, Roncador e Canarinho."}, {"id": "54", "ano": "2020", "numero": "15", "tipo__sigla": "IND", "tipo__descricao": "Indica\u00e7\u00e3o", "autoria": "Brizola", "texto_original": "http://sapl.manfrinopolis.pr.leg.br/media/sapl/public/materialegislativa/2020/54/indicacao_no015-_coleta_de_embalagem_agrotoxico-__gYFfslw.pdf", "ementa": "INDICAR ao Executivo Municipal, atrav\u00e9s do Setor competente, que tome as provid\u00eancias necess\u00e1rias para implanta\u00e7\u00e3o de ponto de coleta de embalagens vazias de agrot\u00f3xicos, na Comunidades de Santa Terezinha."}, {"id": "55", "ano": "2020", "numero": "16", "tipo__sigla": "IND", "tipo__descricao": "Indica\u00e7\u00e3o", "autoria": "Altair Panzera", "texto_original": "http://sapl.manfrinopolis.pr.leg.br/media/sapl/public/materialegislativa/2020/55/indicacao_no016-_recuperacao_da_estrada_sao_jorge-_altair.pdf", "ementa": "INDICAR, ao Executivo Municipal, atrav\u00e9s do Setor competente, no sentido de viabilizar recurso, para recupera\u00e7\u00e3o e\r\ncascalhamento das estradas da Comunidade Linha S\u00e3o Jorge."}, {"id": "56", "ano": "2020", "numero": "17", "tipo__sigla": "IND", "tipo__descricao": "Indica\u00e7\u00e3o", "autoria": "Domingos Alberto Rech, Tiago Aparecido Thomas", "texto_original": "http://sapl.manfrinopolis.pr.leg.br/media/sapl/public/materialegislativa/2020/56/indicacao_no017-_construcao_muro-_tiago.pdf", "ementa": "INDICAR, ao Executivo Municipal, atrav\u00e9s do Setor competente, que tome as provid\u00eancias necess\u00e1rias no sentido de viabilizar\r\nrecurso para constru\u00e7\u00e3o de muro de conten\u00e7\u00e3o no rio Aparecida, pr\u00f3ximo a propriedade do senhor Evaldo Thomas e demais moradores."}, {"id": "57", "ano": "2020", "numero": "18", "tipo__sigla": "IND", "tipo__descricao": "Indica\u00e7\u00e3o", "autoria": "Tiago Aparecido Thomas", "texto_original": "http://sapl.manfrinopolis.pr.leg.br/media/sapl/public/materialegislativa/2020/57/indicacao_no018-_construcao_redutor_velocidade_-_tiago.pdf", "ementa": "INDICAR, ao Executivo Municipal, atrav\u00e9s do Setor competente, que tome as provid\u00eancias necess\u00e1rias no sentido solicitar junto ao DER, a constru\u00e7\u00e3o de um redutor de velocidade e instala\u00e7\u00e3o de placas de sinalizando entrada e sa\u00edda de ve\u00edculos, na PR 182, em frente ao Latic\u00ednio."}, {"id": "58", "ano": "2020", "numero": "19", "tipo__sigla": "IND", "tipo__descricao": "Indica\u00e7\u00e3o", "autoria": "Marcos Ant\u00f4nio Francisconi, Taisller Guimar\u00e3es da Silva", "texto_original": "http://sapl.manfrinopolis.pr.leg.br/media/sapl/public/materialegislativa/2020/58/indicacao_no019-_construcao_de_redutor__-_marcos.pdf", "ementa": "INDICAR, ao Executivo Municipal, atrav\u00e9s do Setor competente, que tome as provid\u00eancias necess\u00e1rias, solicitando a constru\u00e7\u00e3o de um redutor de velocidade na Rua Adelia Guimar\u00e3es da Silva, pr\u00f3ximo a Lanchonete Parada do Lanche."}, {"id": "29", "ano": "2020", "numero": "20", "tipo__sigla": "IND", "tipo__descricao": "Indica\u00e7\u00e3o", "autoria": "Altair Panzera", "texto_original": "http://sapl.manfrinopolis.pr.leg.br/media/sapl/public/materialegislativa/2020/29/indicacao_020-2020.pdf", "ementa": "INDICAR, ao Executivo Municipal, atrav\u00e9s do Setor competente, que tome as provid\u00eancias necess\u00e1rias no sentido de viabilizar recurso para solicitando amplia\u00e7\u00e3o e alargamento da Rua Campo Velho no  Bairro Campo Velho ao Bairro Centro Novo, a presente indica\u00e7\u00e3o se faz necess\u00e1rio devido ao alto fluxo de carros e caminh\u00f5es que ali trafegam por conta do desvio. Com a amplia\u00e7\u00e3o e o alargamento da Rua Campo Velho, estaremos proporcionando maior comodidade para todos que por ali passam e maior seguran\u00e7a aos moradores e pedestres"}, {"id": "59", "ano": "2020", "numero": "21", "tipo__sigla": "IND", "tipo__descricao": "Indica\u00e7\u00e3o", "autoria": "Claudecir Pegoraro, Marcos Ant\u00f4nio Francisconi", "texto_original": "http://sapl.manfrinopolis.pr.leg.br/media/sapl/public/materialegislativa/2020/59/indicacao_no021-_construcao_de_redutor_barra_gran_u3eq7l9.pdf", "ementa": "INDICAR, ao Executivo Municipal, atrav\u00e9s do Setor competente, que tome as provid\u00eancias necess\u00e1rias, solicitando a instala\u00e7\u00e3o de placas de sinaliza\u00e7\u00e3o indicando limite de velocidade, na Rua Principal na Comunidade S\u00e3o Sebasti\u00e3o da Bela Vista ( Barra Grande)."}, {"id": "60", "ano": "2020", "numero": "22", "tipo__sigla": "IND", "tipo__descricao": "Indica\u00e7\u00e3o", "autoria": "Claudecir Pegoraro, Domingos Alberto Rech, Marcos Ant\u00f4nio Francisconi", "texto_original": "http://sapl.manfrinopolis.pr.leg.br/media/sapl/public/materialegislativa/2020/60/indicacao_no022-_caminhao_pipa-_claudeci__domingo_7Q3Ty6I.pdf", "ementa": "INDICAR, ao Executivo Municipal, atrav\u00e9s do Setor competente, que tome as provid\u00eancias necess\u00e1rias recursos junto ao Governo Federal ou Estadual, para aquisi\u00e7\u00e3o de um Caminh\u00e3o devidamente equipado para armazenamento de \u00e1gua. O mesmo seria destinado no combate de pequenos focos de inc\u00eandios, abastecimento de \u00e1gua e para melhoria das estradas."}, {"id": "61", "ano": "2020", "numero": "23", "tipo__sigla": "IND", "tipo__descricao": "Indica\u00e7\u00e3o", "autoria": "Altair Panzera", "texto_original": "http://sapl.manfrinopolis.pr.leg.br/media/sapl/public/materialegislativa/2020/61/indicacao_no023-_construcao_calcamento_-altair.pdf", "ementa": "INDICAR, ao Executivo Municipal, atrav\u00e9s do Setor competente, que tome as provid\u00eancias necess\u00e1rias no sentido de viabilizar recurso para constru\u00e7\u00e3o de cal\u00e7amento com pedras irregulares, Bairro S\u00e3o Domingos, rua 23 ( Vinte e tr\u00eas)"}, {"id": "62", "ano": "2020", "numero": "24", "tipo__sigla": "IND", "tipo__descricao": "Indica\u00e7\u00e3o", "autoria": "Domingos Alberto Rech", "texto_original": "http://sapl.manfrinopolis.pr.leg.br/media/sapl/public/materialegislativa/2020/62/indicacao_no024-_construcao_calcamento-rua_seis__domingos.pdf", "ementa": "INDICAR, ao Executivo Municipal, atrav\u00e9s do Setor competente, que tome as provid\u00eancias necess\u00e1rias no sentido de viabilizar recurso para constru\u00e7\u00e3o de pavimenta\u00e7\u00e3o poli\u00e9drica rua seis, pr\u00f3ximo a propriedade Senhora Ilza Moreira e demais moradores."}, {"id": "63", "ano": "2020", "numero": "25", "tipo__sigla": "IND", "tipo__descricao": "Indica\u00e7\u00e3o", "autoria": "Claudecir Pegoraro, Marcos Ant\u00f4nio Francisconi", "texto_original": "http://sapl.manfrinopolis.pr.leg.br/media/sapl/public/materialegislativa/2020/63/indicacao_no025-_construcao_de_parque-_claudecir_e_marcos.pdf", "ementa": "INDICAR, ao Executivo Municipal, atrav\u00e9s do Setor competente, que tome as provid\u00eancias necess\u00e1rias no sentido de viabilizar recurso, para constru\u00e7\u00e3o de um Parque Infantil na Escola Municipal Cec\u00edlia Meireles, localizada na Comunidade S\u00e3o Sebasti\u00e3o da Bela Vista (Barra Grande)."}, {"id": "64", "ano": "2020", "numero": "26", "tipo__sigla": "IND", "tipo__descricao": "Indica\u00e7\u00e3o", "autoria": "Brizola", "texto_original": "http://sapl.manfrinopolis.pr.leg.br/media/sapl/public/materialegislativa/2020/64/indicacao_no026-_substituicao_da_grama_-_ildo.pdf", "ementa": "INDICAR, ao Executivo Municipal, atrav\u00e9s do Setor competente, que tome as provid\u00eancias necess\u00e1rias no sentido de viabilizar recursos para que seja feita a substitui\u00e7\u00e3o a grama natural do Campo Municipal por grama sint\u00e9tica."}, {"id": "65", "ano": "2020", "numero": "27", "tipo__sigla": "IND", "tipo__descricao": "Indica\u00e7\u00e3o", "autoria": "Ademir da Rosa", "texto_original": "http://sapl.manfrinopolis.pr.leg.br/media/sapl/public/materialegislativa/2020/65/indicacao_no027-_construcao_de_calcamento-_ademir.pdf", "ementa": "INDICAR, ao Executivo Municipal, atrav\u00e9s do Setor competente, que tome as provid\u00eancias necess\u00e1rias no sentido de viabilizar recurso para constru\u00e7\u00e3o de pavimenta\u00e7\u00e3o poli\u00e9drica, na entrada da Comunidade Rio Saltinho at\u00e9 a Comunidade Santa Lucia."}, {"id": "66", "ano": "2020", "numero": "28", "tipo__sigla": "IND", "tipo__descricao": "Indica\u00e7\u00e3o", "autoria": "Domingos Alberto Rech", "texto_original": "http://sapl.manfrinopolis.pr.leg.br/media/sapl/public/materialegislativa/2020/66/indicacao_no028-_auxilio_-_domingos.pdf", "ementa": "INDICAR, ao Executivo Municipal, atrav\u00e9s do Setor competente, a necessidade de, disponibilizar um aux\u00edlio no valor de Vinte Mil Reais (R$ 20.000,00), para cada comerciante do munic\u00edpio."}, {"id": "67", "ano": "2020", "numero": "29", "tipo__sigla": "IND", "tipo__descricao": "Indica\u00e7\u00e3o", "autoria": "Tiago Aparecido Thomas", "texto_original": "http://sapl.manfrinopolis.pr.leg.br/media/sapl/public/materialegislativa/2020/67/indicacao_no029-_construcao_passarela-_tiago.pdf", "ementa": "INDICAR, ao Executivo Municipal, atrav\u00e9s do Setor competente, que tome as provid\u00eancias necess\u00e1rias no sentido de viabilizar recurso para constru\u00e7\u00e3o de uma passarela suspensa sobre o Rio Encantilado, a mesma interliga a rua Vereador Clodomir Chorna ao Centro de Eventos, Campo Municipal."}, {"id": "68", "ano": "2020", "numero": "30", "tipo__sigla": "IND", "tipo__descricao": "Indica\u00e7\u00e3o", "autoria": "Tiago Aparecido Thomas", "texto_original": "http://sapl.manfrinopolis.pr.leg.br/media/sapl/public/materialegislativa/2020/68/indicacao_no030-_coleta_de_lixo_-_tiago.pdf", "ementa": "INDICAR, ao Executivo Municipal, atrav\u00e9s do Setor competente, que tome as provid\u00eancias necess\u00e1rias no sentido de viabilizar recurso para implantar pontos de coleta em cada uma das comunidades e, em seguida disponibilize o servi\u00e7o de coleta de lixo em dias previamente estabelecidos."}, {"id": "69", "ano": "2020", "numero": "31", "tipo__sigla": "IND", "tipo__descricao": "Indica\u00e7\u00e3o", "autoria": "Ant\u00f4nio Pereira", "texto_original": "http://sapl.manfrinopolis.pr.leg.br/media/sapl/public/materialegislativa/2020/69/indicacao_no031-_recuperacao_das_estradas_alto_sa_Vjo7hUQ.pdf", "ementa": "INDICAR, ao Executivo Municipal, atrav\u00e9s do Setor competente, no sentido de viabilizar recurso, para recupera\u00e7\u00e3o e cascalhamento das estradas da Linha Alto S\u00e3o Jo\u00e3o at\u00e9 a Comunidade da Linha Roncador."}, {"id": "70", "ano": "2020", "numero": "32", "tipo__sigla": "IND", "tipo__descricao": "Indica\u00e7\u00e3o", "autoria": "Altair Panzera, Claudecir Pegoraro, Domingos Alberto Rech, Marcos Ant\u00f4nio Francisconi, Taisller Guimar\u00e3es da Silva, Tiago Aparecido Thomas", "texto_original": "http://sapl.manfrinopolis.pr.leg.br/media/sapl/public/materialegislativa/2020/70/indicacao_no032-hora_maquina-_taisller_tiago.pdf", "ementa": "INDICAR, ao Executivo Municipal, atrav\u00e9s do Setor competente, a cria\u00e7\u00e3o de um Programa para subsidiar a todos os agricultores do munic\u00edpio que est\u00e3o enfrentando problemas moment\u00e2neos decorrentes da crise provocada pela pandemia COVID-19 com cinco horas m\u00e1quinas ou o valor correspondente em: sementes ( milho, aveia, trigo) e pastagem."}, {"id": "71", "ano": "2020", "numero": "33", "tipo__sigla": "IND", "tipo__descricao": "Indica\u00e7\u00e3o", "autoria": "Altair Panzera, Claudecir Pegoraro, Domingos Alberto Rech, Marcos Ant\u00f4nio Francisconi, Taisller Guimar\u00e3es da Silva, Tiago Aparecido Thomas", "texto_original": "http://sapl.manfrinopolis.pr.leg.br/media/", "ementa": "INDICAR, ao Executivo Municipal, atrav\u00e9s do Setor competente, cria\u00e7\u00e3o de um Programa de Aux\u00edlio Emergencial de Distribui\u00e7\u00e3o de Cestas B\u00e1sicas no valor de duzentos reais ( R$ 200,00), paras fam\u00edlias com renda mensal de at\u00e9 dois sal\u00e1rios m\u00ednimos."}, {"id": "72", "ano": "2020", "numero": "34", "tipo__sigla": "IND", "tipo__descricao": "Indica\u00e7\u00e3o", "autoria": "Ademir da Rosa, Ant\u00f4nio Pereira, Brizola", "texto_original": "http://sapl.manfrinopolis.pr.leg.br/media/sapl/public/materialegislativa/2020/72/indicacao_no034-_concessao_trator_santa_terazinha_ildo.pdf", "ementa": "INDICAR, ao Executivo Municipal, atrav\u00e9s do Setor competente, para proceder a substitui\u00e7\u00e3o do trator cedido para Associa\u00e7\u00e3o da Santa Terezinha, por um trator novo Modelo TL 75 New Holland."}, {"id": "73", "ano": "2020", "numero": "35", "tipo__sigla": "IND", "tipo__descricao": "Indica\u00e7\u00e3o", "autoria": "Tiago Aparecido Thomas", "texto_original": "http://sapl.manfrinopolis.pr.leg.br/media/sapl/public/materialegislativa/2020/73/indicacao_no035-concessao_predio_publico-__tiago.pdf", "ementa": "INDICAR, ao Executivo Municipal, atrav\u00e9s do Setor competente, que tome as provid\u00eancias necess\u00e1rias no sentido conceder em regime Concess\u00e3o de Direito Real de Uso do im\u00f3vel, localizado na Rua Valter Francisco Manfrin, para implanta\u00e7\u00e3o de uma estamparia ."}, {"id": "74", "ano": "2020", "numero": "36", "tipo__sigla": "IND", "tipo__descricao": "Indica\u00e7\u00e3o", "autoria": "Domingos Alberto Rech", "texto_original": "http://sapl.manfrinopolis.pr.leg.br/media/sapl/public/materialegislativa/2020/74/indicacao_no036-_perfuracao_de_poco-domingos.pdf", "ementa": "INDICAR, ao Executivo Municipal, atrav\u00e9s do Setor competente, que tome as provid\u00eancias necess\u00e1rias no sentido de viabilizar recurso para que seja feita a perfura\u00e7\u00e3o de um Po\u00e7o Artesiano na Comunidade da Linha S\u00e3o Jos\u00e9, assim atendendo as necessidades dos moradores das Comunidades Linha S\u00e3o Jos\u00e9 e Linha Tamandar\u00e9."}, {"id": "75", "ano": "2020", "numero": "37", "tipo__sigla": "IND", "tipo__descricao": "Indica\u00e7\u00e3o", "autoria": "Claudecir Pegoraro", "texto_original": "http://sapl.manfrinopolis.pr.leg.br/media/sapl/public/materialegislativa/2020/75/indicacao_no037-_poco_artesiano_linha_freire-_cla_HV8IebJ.pdf", "ementa": "INDICAR, ao Executivo Municipal, atrav\u00e9s do Setor competente, que tome as provid\u00eancias necess\u00e1rias no sentido de viabilizar recurso para que seja feita a perfura\u00e7\u00e3o de um po\u00e7o artesiano na comunidade da Linha Freire, assim atendendo as necessidades dos moradores das Comunidades Cabeceira do Barra Grande e Linha Freire."}, {"id": "76", "ano": "2020", "numero": "38", "tipo__sigla": "IND", "tipo__descricao": "Indica\u00e7\u00e3o", "autoria": "Claudecir Pegoraro, Marcos Ant\u00f4nio Francisconi", "texto_original": "http://sapl.manfrinopolis.pr.leg.br/media/sapl/public/materialegislativa/2020/76/indicacao_no038-_contratacao_medico_pediatra-_marcos.pdf", "ementa": "INDICAR, ao Executivo Municipal, atrav\u00e9s do Setor competente, solicita ao Chefe do Poder Executivo Municipal estudo de viabilidade para a contrata\u00e7\u00e3o de um m\u00e9dico pediatra para estar atendendo na unidade de sa\u00fade do munic\u00edpio."}, {"id": "77", "ano": "2020", "numero": "39", "tipo__sigla": "IND", "tipo__descricao": "Indica\u00e7\u00e3o", "autoria": "Claudecir Pegoraro, Marcos Ant\u00f4nio Francisconi", "texto_original": "http://sapl.manfrinopolis.pr.leg.br/media/sapl/public/materialegislativa/2020/77/indicacao_no039-_ampliacao_da_rede_de_agua-_marco_2ZMku1q.pdf", "ementa": "INDICAR, ao Executivo Municipal, atrav\u00e9s do Setor competente, amplia\u00e7\u00e3o da rede de abastecimento de \u00e1gua da Linha Rio Tunal at\u00e9 a resid\u00eancia do senhor Eloir de Campos."}, {"id": "78", "ano": "2020", "numero": "40", "tipo__sigla": "IND", "tipo__descricao": "Indica\u00e7\u00e3o", "autoria": "Domingos Alberto Rech", "texto_original": "http://sapl.manfrinopolis.pr.leg.br/media/sapl/public/materialegislativa/2020/78/indicacao_no040-_construcao_de_calcadas_sao_domin_FVvQ1KR.pdf", "ementa": "INDICAR, ao Executivo Municipal, atrav\u00e9s do Setor competente, que tome as provid\u00eancias necess\u00e1rias, solicitando a constru\u00e7\u00e3o de cal\u00e7adas no Bairro S\u00e3o Domingos, nas Ruas Cinco, Oito e Nove."}, {"id": "79", "ano": "2020", "numero": "41", "tipo__sigla": "IND", "tipo__descricao": "Indica\u00e7\u00e3o", "autoria": "Domingos Alberto Rech", "texto_original": "http://sapl.manfrinopolis.pr.leg.br/media/sapl/public/materialegislativa/2020/79/indicacao_no041-_construcao_ponte-_domingos.pdf", "ementa": "INDICAR, ao Executivo Municipal, atrav\u00e9s do Setor competente, que tome as provid\u00eancias necess\u00e1rias no sentido de viabilizar recurso para constru\u00e7\u00e3o de uma ponte suspensa sobre o Rio Encantilado, na estrada que liga a propriedade do senhor Jos\u00e9 Foga\u00e7a e demais moradores."}, {"id": "80", "ano": "2020", "numero": "42", "tipo__sigla": "IND", "tipo__descricao": "Indica\u00e7\u00e3o", "autoria": "Ademir da Rosa, Ant\u00f4nio Pereira, Brizola", "texto_original": "http://sapl.manfrinopolis.pr.leg.br/media/sapl/public/materialegislativa/2020/80/indicacao_no042-projeto_do_leilao-_ildo.pdf", "ementa": "INDICAR, ao Executivo Municipal, atrav\u00e9s do Setor competente, para encaminhe para essa Casa de Leis um Projeto de Lei que autoriza o Poder Executivo a promover leil\u00e3o para alienar ve\u00edculos, m\u00e1quinas, equipamentos e sucatas, considerados inserv\u00edveis, de propriedade do munic\u00edpio, e que parte do recurso arrecadado seja destinado para conclus\u00e3o das obras de instala\u00e7\u00e3o de encanamento de \u00e1gua das Comunidades da Linha Aparecida e Linha Squina."}, {"id": "81", "ano": "2020", "numero": "43", "tipo__sigla": "IND", "tipo__descricao": "Indica\u00e7\u00e3o", "autoria": "Domingos Alberto Rech, Tiago Aparecido Thomas", "texto_original": "http://sapl.manfrinopolis.pr.leg.br/media/sapl/public/materialegislativa/2020/81/indicacao_no043-_substituicao_de_tubos_sandra-_tiago.pdf", "ementa": "INDICAR, ao Executivo Municipal, atrav\u00e9s do Setor competente, que tome as provid\u00eancias necess\u00e1rias no sentido de viabilizar recurso para que seja feita a substitui\u00e7\u00e3o da tubula\u00e7\u00e3o j\u00e1 existente, por tubula\u00e7\u00e3o de maior di\u00e2metro, pr\u00f3ximo a propriedade da senhora Sandra Thomas e demais moradores."}, {"id": "82", "ano": "2020", "numero": "44", "tipo__sigla": "IND", "tipo__descricao": "Indica\u00e7\u00e3o", "autoria": "Altair Panzera", "texto_original": "http://sapl.manfrinopolis.pr.leg.br/media/sapl/public/materialegislativa/2020/82/indicacao_no044-_construcao_de_calcadas_rua_adeli_SdPavTW.pdf", "ementa": "INDICAR, ao Executivo Municipal, atrav\u00e9s do Setor competente, que tome as provid\u00eancias necess\u00e1rias, solicitando a constru\u00e7\u00e3o de cal\u00e7adas e muro de arrimo na Rua Adelia Guimar\u00e3es da Silva, pr\u00f3ximo a Lanchonete Parada do Lanche, da Senhora Ines Schissel e demais moradores."}, {"id": "83", "ano": "2020", "numero": "45", "tipo__sigla": "IND", "tipo__descricao": "Indica\u00e7\u00e3o", "autoria": "Claudecir Pegoraro, Marcos Ant\u00f4nio Francisconi", "texto_original": "http://sapl.manfrinopolis.pr.leg.br/media/sapl/public/materialegislativa/2020/83/indicacao_no045-_conclusao_do_calcamento_-_marcos_dg44ucT.pdf", "ementa": "INDICAR, ao Executivo Municipal, atrav\u00e9s do Setor competente, mostrando a necessidade de proceder \u00e0 conclus\u00e3o do cal\u00e7amento da Linha Tr\u00eas de Maio, em frente da Igreja Congrega\u00e7\u00e3o Crist\u00e3o do Brasil at\u00e9 a proximidade da propriedade do Senhor Jos\u00e9 Tavares de Lima."}, {"id": "30", "ano": "2020", "numero": "46", "tipo__sigla": "IND", "tipo__descricao": "Indica\u00e7\u00e3o", "autoria": "Ant\u00f4nio Pereira, Claudecir Pegoraro, Marcos Ant\u00f4nio Francisconi", "texto_original": "http://sapl.manfrinopolis.pr.leg.br/media/sapl/public/materialegislativa/2020/30/indicacao_046-2020.pdf", "ementa": "INDICAR, ao Executivo Municipal, atrav\u00e9s do Setor competente, que tome as provid\u00eancias necess\u00e1rias no sentido de viabilizar recurso para constru\u00e7\u00e3o de pavimenta\u00e7\u00e3o poli\u00e9drica da Comunidade S\u00e3o Sebasti\u00e3o da Bela Vista (Barra Grande) at\u00e9 a Comunidade da Linha Canarinho."}, {"id": "31", "ano": "2020", "numero": "47", "tipo__sigla": "IND", "tipo__descricao": "Indica\u00e7\u00e3o", "autoria": "Altair Panzera, Marcos Ant\u00f4nio Francisconi, Tiago Aparecido Thomas", "texto_original": "http://sapl.manfrinopolis.pr.leg.br/media/sapl/public/materialegislativa/2020/31/indicacao_047-2020.pdf", "ementa": "INDICAR, ao Executivo Municipal, atrav\u00e9s do Setor competente, que tome as provid\u00eancias necess\u00e1rias no sentido de viabilizar recurso para recupera\u00e7\u00e3o com cascalhamento das estradas das Comunidades da Linha Canarinho at\u00e9 Linha Petraski."}, {"id": "32", "ano": "2020", "numero": "48", "tipo__sigla": "IND", "tipo__descricao": "Indica\u00e7\u00e3o", "autoria": "Domingos Alberto Rech", "texto_original": "http://sapl.manfrinopolis.pr.leg.br/media/sapl/public/materialegislativa/2020/32/indicacao_048-2020.pdf", "ementa": "INDICAR, ao Executivo Municipal, atrav\u00e9s do Setor competente, que tome as provid\u00eancias necess\u00e1rias no sentido de viabilizar recurso para constru\u00e7\u00e3o de pavimenta\u00e7\u00e3o poli\u00e9drica na rua de acesso a Igreja 4 Fases e a rua de acesso a propriedade do senhor Get\u00falio Alves e demais moradores."}, {"id": "33", "ano": "2020", "numero": "49", "tipo__sigla": "IND", "tipo__descricao": "Indica\u00e7\u00e3o", "autoria": "Altair Panzera", "texto_original": "http://sapl.manfrinopolis.pr.leg.br/media/sapl/public/materialegislativa/2020/33/indicacao_049-2020.pdf", "ementa": "INDICAR, ao Executivo Municipal, atrav\u00e9s do Setor competente, no sentido de viabilizar recurso, para recupera\u00e7\u00e3o e cascalhamento das estradas da Comunidade Linha S\u00e3o Jo\u00e3o, priorizado a estrada de acesso a propriedade do senhor Jos\u00e9 Rafain."}, {"id": "34", "ano": "2020", "numero": "50", "tipo__sigla": "IND", "tipo__descricao": "Indica\u00e7\u00e3o", "autoria": "Altair Panzera", "texto_original": "http://sapl.manfrinopolis.pr.leg.br/media/sapl/public/materialegislativa/2020/34/indicacao_50-2020.pdf", "ementa": "INDICAR, ao Executivo Municipal, atrav\u00e9s do Setor competente, no sentido de viabilizar recurso, aquisi\u00e7\u00e3o e instala\u00e7\u00e3o de c\u00e2meras de seguran\u00e7a no p\u00e1tio de m\u00e1quinas da prefeitura. A instala\u00e7\u00e3o de c\u00e2meras de seguran\u00e7a vai coibir a\u00e7\u00f5es criminosas e vandalismos, assim protegendo o patrim\u00f4nio p\u00fablico."}, {"id": "89", "ano": "2020", "numero": "51", "tipo__sigla": "IND", "tipo__descricao": "Indica\u00e7\u00e3o", "autoria": "Altair Panzera, Tiago Aparecido Thomas", "texto_original": "http://sapl.manfrinopolis.pr.leg.br/media/sapl/public/materialegislativa/2020/89/indicacao_51-2020.pdf", "ementa": "INDICAR, ao Executivo Municipal, atrav\u00e9s do Setor competente, no sentido de viabilizar recurso, mostrando a necessidade de proceder a constru\u00e7\u00e3o da cobertura da quadra de esporte da Escola Municipal E\u00e7a de Queiros. A indica\u00e7\u00e3o se justifica pelo benef\u00edcio que esta estrutura ocasionar\u00e1 a escola, beneficiando diretamente aos alunos, para a pr\u00e1tica de seus exerc\u00edcios f\u00edsicos. Pois o esporte \u00e9 uma ferramenta de fundamental import\u00e2ncia para a forma\u00e7\u00e3o psicossocial de um cidad\u00e3o e contribui no processo de inclus\u00e3o social."}, {"id": "35", "ano": "2020", "numero": "52", "tipo__sigla": "IND", "tipo__descricao": "Indica\u00e7\u00e3o", "autoria": "Ademir da Rosa, Ant\u00f4nio Pereira, Brizola", "texto_original": "http://sapl.manfrinopolis.pr.leg.br/media/sapl/public/materialegislativa/2020/35/indicacao_52-2020.pdf", "ementa": "INDICAR, ao Executivo Municipal, atrav\u00e9s do Setor competente, que tome as provid\u00eancias necess\u00e1rias no sentido de viabilizar recurso para constru\u00e7\u00e3o de pavimenta\u00e7\u00e3o poli\u00e9drica da PR 182 at\u00e9 a Comunidade Santo Ant\u00f4nio."}, {"id": "36", "ano": "2020", "numero": "53", "tipo__sigla": "IND", "tipo__descricao": "Indica\u00e7\u00e3o", "autoria": "Ademir da Rosa, Ant\u00f4nio Pereira, Brizola", "texto_original": "http://sapl.manfrinopolis.pr.leg.br/media/sapl/public/materialegislativa/2020/36/indicacao_53-2020.pdf", "ementa": "INDICAR, ao Executivo Municipal, atrav\u00e9s do Setor competente, que tome as provid\u00eancias necess\u00e1rias no sentido de viabilizar recurso para constru\u00e7\u00e3o de pavimenta\u00e7\u00e3o poli\u00e9drica nas estradas da Comunidade Gleba dos Morros, priorizando pontos mais cr\u00edticos e com declive na estrada pr\u00f3ximo a propriedade do senhor Jair Krug e os demais."}, {"id": "37", "ano": "2020", "numero": "54", "tipo__sigla": "IND", "tipo__descricao": "Indica\u00e7\u00e3o", "autoria": "Ademir da Rosa, Ant\u00f4nio Pereira, Brizola", "texto_original": "http://sapl.manfrinopolis.pr.leg.br/media/sapl/public/materialegislativa/2020/37/indicacao_54-2020.pdf", "ementa": "INDICAR, ao Executivo Municipal, atrav\u00e9s do Setor competente, que tome as provid\u00eancias necess\u00e1rias no sentido de viabilizar recurso para constru\u00e7\u00e3o de pavimenta\u00e7\u00e3o poli\u00e9drica nas estradas da Comunidade Tancredo Benghi, priorizando pontos mais cr\u00edticos e com declive na estrada pr\u00f3ximo as propriedades do senhor Paulo Carniel e o senhor Jac\u00f3 Zanella e os demais."}, {"id": "38", "ano": "2020", "numero": "55", "tipo__sigla": "IND", "tipo__descricao": "Indica\u00e7\u00e3o", "autoria": "Domingos Alberto Rech", "texto_original": "http://sapl.manfrinopolis.pr.leg.br/media/sapl/public/materialegislativa/2020/38/indicacao_55-2020.pdf", "ementa": "INDICAR, ao Executivo Municipal, atrav\u00e9s do Setor competente, que tome as provid\u00eancias necess\u00e1rias para instala\u00e7\u00e3o de barreira sanit\u00e1ria na entrada do Munic\u00edpio (sentido Francisco Beltr\u00e3o). Devido a confirma\u00e7\u00e3o de casos de Covid-19 no Munic\u00edpio e o aumento dos casos registrados na regi\u00e3o. \u201cA instala\u00e7\u00e3o de barreiras sanit\u00e1rias \u00e9 uma forma de monitorar as pessoas que entram em nosso Munic\u00edpio, destaca o vereador, ao lembrar que o munic\u00edpio possui um fluxo cont\u00ednuo de visitantes de outros pa\u00edses, estados e cidades."}, {"id": "39", "ano": "2020", "numero": "56", "tipo__sigla": "IND", "tipo__descricao": "Indica\u00e7\u00e3o", "autoria": "Domingos Alberto Rech", "texto_original": "http://sapl.manfrinopolis.pr.leg.br/media/sapl/public/materialegislativa/2020/39/indicacao_56-2020.pdf", "ementa": "INDICAR, ao Executivo Municipal, atrav\u00e9s do Setor competente, que tome as provid\u00eancias necess\u00e1rias para constru\u00e7\u00e3o de uma ponte para pedestre (pinguela), sobre o rio Encantilado  para ligar os bairros Centro Novo e o Centro."}, {"id": "84", "ano": "2020", "numero": "57", "tipo__sigla": "IND", "tipo__descricao": "Indica\u00e7\u00e3o", "autoria": "Ademir da Rosa, Ant\u00f4nio Pereira, Brizola", "texto_original": "http://sapl.manfrinopolis.pr.leg.br/media/sapl/public/materialegislativa/2020/84/indicacao_57-2020.pdf", "ementa": "INDICAR, ao Executivo Municipal, atrav\u00e9s do Setor competente, que tome as provid\u00eancias necess\u00e1rias no sentido de viabilizar recurso para constru\u00e7\u00e3o de pavimenta\u00e7\u00e3o poli\u00e9drica da PR 182 at\u00e9 Comunidade Aparecida."}, {"id": "85", "ano": "2020", "numero": "58", "tipo__sigla": "IND", "tipo__descricao": "Indica\u00e7\u00e3o", "autoria": "Ademir da Rosa, Ant\u00f4nio Pereira, Brizola", "texto_original": "http://sapl.manfrinopolis.pr.leg.br/media/sapl/public/materialegislativa/2020/85/indicacao_58-2020.pdf", "ementa": "INDICAR, ao Executivo Municipal, atrav\u00e9s do Setor competente, que tome as provid\u00eancias necess\u00e1rias no sentido de viabilizar recurso para constru\u00e7\u00e3o de pontilh\u00e3o na Comunidade da Linha Aparecida, pr\u00f3ximo a propriedade do senhor Jos\u00e9 Marcheski."}, {"id": "86", "ano": "2020", "numero": "59", "tipo__sigla": "IND", "tipo__descricao": "Indica\u00e7\u00e3o", "autoria": "Domingos Alberto Rech, Taisller Guimar\u00e3es da Silva", "texto_original": "http://sapl.manfrinopolis.pr.leg.br/media/sapl/public/materialegislativa/2020/86/indicacao_59-2020.pdf", "ementa": "INDICAR, ao Executivo Municipal, atrav\u00e9s do Setor competente, que tome as provid\u00eancias necess\u00e1rias no sentido solicitar junto ao DER, a constru\u00e7\u00e3o de duas \u00e1reas de escape na PR182, para que os ve\u00edculos de grande porte possam usar como ref\u00fagio caso o sistema de frenagem pare de funcionar."}, {"id": "90", "ano": "2020", "numero": "60", "tipo__sigla": "IND", "tipo__descricao": "Indica\u00e7\u00e3o", "autoria": "Tiago Aparecido Thomas", "texto_original": "http://sapl.manfrinopolis.pr.leg.br/media/sapl/public/materialegislativa/2020/90/indicacao_60-2020.pdf", "ementa": "INDICAR, ao Executivo Municipal, atrav\u00e9s do Setor competente, que tome as provid\u00eancias necess\u00e1rias no sentido de viabilizar recurso para constru\u00e7\u00e3o de pavimenta\u00e7\u00e3o poli\u00e9drica na comunidade de Santa Terezinha at\u00e9 o que liga a comunidade de Planaltinho."}, {"id": "91", "ano": "2020", "numero": "61", "tipo__sigla": "IND", "tipo__descricao": "Indica\u00e7\u00e3o", "autoria": "Tiago Aparecido Thomas", "texto_original": "http://sapl.manfrinopolis.pr.leg.br/media/sapl/public/materialegislativa/2020/91/indicacao_61-2020.pdf", "ementa": "INDICAR, ao Executivo Municipal, atrav\u00e9s do Setor competente, que tome as provid\u00eancias necess\u00e1rias no sentido de viabilizar recurso para cascalhamento na estrada da Dona Ivone Scheifer pr\u00f3ximo a comunidade Linha Esquina."}, {"id": "92", "ano": "2020", "numero": "62", "tipo__sigla": "IND", "tipo__descricao": "Indica\u00e7\u00e3o", "autoria": "Claudecir Pegoraro, Marcos Ant\u00f4nio Francisconi", "texto_original": "http://sapl.manfrinopolis.pr.leg.br/media/sapl/public/materialegislativa/2020/92/indicacao_62-2020.pdf", "ementa": "INDICAR, ao Executivo Municipal, atrav\u00e9s do Setor competente, que tome as provid\u00eancias necess\u00e1rias no sentido conceder em regime Concess\u00e3o de Direito Real de Uso do im\u00f3vel, antiga cancha de bocha e antiga f\u00e1brica AMIEL, para empresas que queiram se instalar afim de gerar emprego e renda aos mun\u00edcipes, im\u00f3veis estes localizados na comunidade S\u00e3o Sebasti\u00e3o da Bela Vista."}, {"id": "95", "ano": "2020", "numero": "63", "tipo__sigla": "IND", "tipo__descricao": "Indica\u00e7\u00e3o", "autoria": "Tiago Aparecido Thomas", "texto_original": "http://sapl.manfrinopolis.pr.leg.br/media/sapl/public/materialegislativa/2020/95/indicacao_63-2020.pdf", "ementa": "INDICAR, ao Executivo Municipal, atrav\u00e9s do Setor competente, que tome as provid\u00eancias necess\u00e1rias no sentido de adquirir res\u00edduo asf\u00e1ltico para dispor sobre a estrada que fica entre o desvio da Rua do Campo velho at\u00e9 o Loteamento novo, devido a constru\u00e7\u00e3o da nova ponte sobre o Rio Encantilado."}, {"id": "96", "ano": "2020", "numero": "64", "tipo__sigla": "IND", "tipo__descricao": "Indica\u00e7\u00e3o", "autoria": "Claudecir Pegoraro, Marcos Ant\u00f4nio Francisconi", "texto_original": "http://sapl.manfrinopolis.pr.leg.br/media/sapl/public/materialegislativa/2020/96/indicacao_64-2020.pdf", "ementa": "INDICAR, ao Executivo Municipal, atrav\u00e9s do Setor competente, que tome as provid\u00eancias necess\u00e1rias para amplia\u00e7\u00e3o de rede de \u00e1gua na Linha Canarinho at\u00e9 a propriedade do Senhor Ad\u00e3o Pereira da Silva e Neco Fischer."}, {"id": "109", "ano": "2020", "numero": "65", "tipo__sigla": "IND", "tipo__descricao": "Indica\u00e7\u00e3o", "autoria": "Ademir da Rosa, Ant\u00f4nio Pereira, Brizola", "texto_original": "http://sapl.manfrinopolis.pr.leg.br/media/sapl/public/materialegislativa/2020/109/indicacao_65-2020.pdf", "ementa": "INDICAR, ao Executivo Municipal, atrav\u00e9s do Setor competente, que tome as provid\u00eancias necess\u00e1rias na recupera\u00e7\u00e3o das estradas entre a Comunidade da Linha Freire at\u00e9 a Cabeceira do Barra Grande, com o objetivo de beneficiar os mun\u00edcipes."}, {"id": "110", "ano": "2020", "numero": "66", "tipo__sigla": "IND", "tipo__descricao": "Indica\u00e7\u00e3o", "autoria": "Ademir da Rosa, Ant\u00f4nio Pereira, Brizola", "texto_original": "http://sapl.manfrinopolis.pr.leg.br/media/sapl/public/materialegislativa/2020/110/indicacao_66-2020.pdf", "ementa": "INDICAR, ao Executivo Municipal, atrav\u00e9s do Setor competente, que tome as provid\u00eancias necess\u00e1rias na recupera\u00e7\u00e3o das estradas entre a Comunidade da Linha Freire at\u00e9 a comunidade do Roncador, pr\u00f3ximo a fazenda do Senhor Sidnei da Rosa, com o objetivo de beneficiar os mun\u00edcipes."}, {"id": "111", "ano": "2020", "numero": "67", "tipo__sigla": "IND", "tipo__descricao": "Indica\u00e7\u00e3o", "autoria": "Tiago Aparecido Thomas", "texto_original": "http://sapl.manfrinopolis.pr.leg.br/media/sapl/public/materialegislativa/2020/111/indicacao_67-2020.pdf", "ementa": "INDICAR, ao Executivo Municipal, atrav\u00e9s do Setor competente, que tome as provid\u00eancias necess\u00e1rias para a aquisi\u00e7\u00e3o de um britador m\u00f3vel, com objetivo de atender as necessidades dos mun\u00edcipes."}, {"id": "112", "ano": "2020", "numero": "68", "tipo__sigla": "IND", "tipo__descricao": "Indica\u00e7\u00e3o", "autoria": "Marcos Ant\u00f4nio Francisconi", "texto_original": "http://sapl.manfrinopolis.pr.leg.br/media/sapl/public/materialegislativa/2020/112/indicacao_68-2020.pdf", "ementa": "INDICAR, ao Executivo Municipal, atrav\u00e9s do Setor competente, que tome as provid\u00eancias necess\u00e1rias para disponibilizar  m\u00e1quina para fazer tubula\u00e7\u00e3o no in\u00edcio da propriedade do senhor Darci Recalcatti, na Linha Saltinho, com objetivo de atender as necessidades dos mun\u00edcipes."}, {"id": "113", "ano": "2020", "numero": "69", "tipo__sigla": "IND", "tipo__descricao": "Indica\u00e7\u00e3o", "autoria": "Jairo Souza Albino", "texto_original": "http://sapl.manfrinopolis.pr.leg.br/media/sapl/public/materialegislativa/2020/113/indicacao_69-2020.pdf", "ementa": "INDICAR, ao Executivo Municipal, atrav\u00e9s do Setor competente, que tome as provid\u00eancias necess\u00e1rias para cascalhamento na chegada da propriedade do senhor Marcelo da Costa, com objetivo de atender as necessidades, sendo que o mesmo atua na atividade leiteira e o caminh\u00e3o n\u00e3o tem como chegar na estrebaria."}, {"id": "114", "ano": "2020", "numero": "70", "tipo__sigla": "IND", "tipo__descricao": "Indica\u00e7\u00e3o", "autoria": "Jairo Souza Albino", "texto_original": "http://sapl.manfrinopolis.pr.leg.br/media/sapl/public/materialegislativa/2020/114/indicacao_70-2020.pdf", "ementa": "INDICAR, ao Executivo Municipal, atrav\u00e9s do Setor competente, que tome as provid\u00eancias necess\u00e1rias para arrumar bueiro na estrada que d\u00e1 acesso as propriedades de Miguel Zamber e Pedro Zamber e demais moradores com tubos de maior di\u00e2metro, sendo que o mesmo est\u00e1 quebrado e houve a necessidade dos moradores que ali residem de levar pedras com a carro\u00e7a para que os caminh\u00f5es que fazem a coleta do leite pudessem passar."}, {"id": "115", "ano": "2020", "numero": "71", "tipo__sigla": "IND", "tipo__descricao": "Indica\u00e7\u00e3o", "autoria": "Ademir da Rosa, Ant\u00f4nio Pereira, Brizola", "texto_original": "http://sapl.manfrinopolis.pr.leg.br/media/sapl/public/materialegislativa/2020/115/indicacao_71-2020.pdf", "ementa": "INDICAR, ao Executivo Municipal, atrav\u00e9s do Setor competente, que tome as provid\u00eancias necess\u00e1rias para constru\u00e7\u00e3o de uma ponte sobre o rio nas proximidades da propriedade do Senhor Z\u00e9 Madruga, com objetivo de atender as necessidades dos mun\u00edcipes."}, {"id": "116", "ano": "2020", "numero": "72", "tipo__sigla": "IND", "tipo__descricao": "Indica\u00e7\u00e3o", "autoria": "Ademir da Rosa, Ant\u00f4nio Pereira, Brizola", "texto_original": "http://sapl.manfrinopolis.pr.leg.br/media/sapl/public/materialegislativa/2020/116/indicacao_72-2020.pdf", "ementa": "INDICAR, ao Executivo Municipal, atrav\u00e9s do Setor competente, que tome as provid\u00eancias necess\u00e1rias para que se fa\u00e7a reparos na estrada da Linha Muller at\u00e9 a Linha Aparecida, com objetivo de atender as necessidades dos mun\u00edcipes."}, {"id": "117", "ano": "2020", "numero": "73", "tipo__sigla": "IND", "tipo__descricao": "Indica\u00e7\u00e3o", "autoria": "Jairo Souza Albino", "texto_original": "http://sapl.manfrinopolis.pr.leg.br/media/sapl/public/materialegislativa/2020/117/indicacao_73-2020.pdf", "ementa": "INDICAR, ao Executivo Municipal, atrav\u00e9s do Setor competente, provid\u00eancias necess\u00e1rias no sentido de viabilizar a recupera\u00e7\u00e3o com cascalhamento das estradas das Comunidades Tamandar\u00e9 Alto e Tamandar\u00e9 Baixo, com objetivo de atender as necessidades dos mun\u00edcipes."}, {"id": "118", "ano": "2020", "numero": "74", "tipo__sigla": "IND", "tipo__descricao": "Indica\u00e7\u00e3o", "autoria": "Jairo Souza Albino", "texto_original": "http://sapl.manfrinopolis.pr.leg.br/media/", "ementa": "INDICAR, ao Executivo Municipal, atrav\u00e9s do Setor competente, que tome as provid\u00eancias necess\u00e1rias no sentido de viabilizar recurso, mostrando a necessidade de proceder \u00e0 conclus\u00e3o do cal\u00e7amento da Comunidade Santa Terezinha at\u00e9 a Comunidade do Plantaltinho, com objetivo de atender as necessidades dos mun\u00edcipes."}, {"id": "119", "ano": "2020", "numero": "75", "tipo__sigla": "IND", "tipo__descricao": "Indica\u00e7\u00e3o", "autoria": "Tiago Aparecido Thomas", "texto_original": "http://sapl.manfrinopolis.pr.leg.br/media/sapl/public/materialegislativa/2020/119/indicacao_75-2020.pdf", "ementa": "INDICAR, ao Executivo Municipal, atrav\u00e9s do Setor competente, que tome as provid\u00eancias necess\u00e1rias no sentido de viabilizar recurso para ilumina\u00e7\u00e3o na frente da Igreja, Pavilh\u00e3o at\u00e9 o Latic\u00ednio da comunidade de Bela Vista do Encantilado, com objetivo de melhorar a visibilidade da entrada da comunidade, bem como para quem trabalha ou frequenta o Latic\u00ednio."}, {"id": "120", "ano": "2020", "numero": "76", "tipo__sigla": "IND", "tipo__descricao": "Indica\u00e7\u00e3o", "autoria": "Altair Panzera, Domingos Alberto Rech, Tiago Aparecido Thomas", "texto_original": "http://sapl.manfrinopolis.pr.leg.br/media/sapl/public/materialegislativa/2020/120/indicacao_76-2020.pdf", "ementa": "INDICAR, ao Executivo Municipal, atrav\u00e9s do Setor competente, que tome as provid\u00eancias necess\u00e1rias no sentido de viabilizar recurso, para constru\u00e7\u00e3o de uma ponte de concreto pr\u00f3ximo a propriedade do senhor Valdir Kaiper e demais moradores da Linha S\u00e3o Jorge, com objetivo de atender as necessidades dos mun\u00edcipes."}, {"id": "125", "ano": "2020", "numero": "77", "tipo__sigla": "IND", "tipo__descricao": "Indica\u00e7\u00e3o", "autoria": "Tiago Aparecido Thomas", "texto_original": "http://sapl.manfrinopolis.pr.leg.br/media/sapl/public/materialegislativa/2020/125/indicacao_77-2020.pdf", "ementa": "INDICAR, ao Executivo Municipal, atrav\u00e9s do Setor competente, que tome as provid\u00eancias necess\u00e1rias no sentido de viabilizar recurso para constru\u00e7\u00e3o de um portal na entrada e um na sa\u00edda do munic\u00edpio, sendo um na linha Bela Vista do Encantilado e outro na Uni\u00e3o da Serra, divisa com Salgado Filho."}, {"id": "126", "ano": "2020", "numero": "78", "tipo__sigla": "IND", "tipo__descricao": "Indica\u00e7\u00e3o", "autoria": "Ant\u00f4nio Pereira, Brizola, Paulo Jozias Pereira da Silva", "texto_original": "http://sapl.manfrinopolis.pr.leg.br/media/sapl/public/materialegislativa/2020/126/indicacao_78-2020.pdf", "ementa": "INDICAR, ao Executivo Municipal, atrav\u00e9s do Setor competente, que tome as provid\u00eancias necess\u00e1rias no sentido de viabilizar recurso para aquisi\u00e7\u00e3o de um trator de esteira devidamente equipado para suprir as necessidades dos mun\u00edcipes."}, {"id": "127", "ano": "2020", "numero": "79", "tipo__sigla": "IND", "tipo__descricao": "Indica\u00e7\u00e3o", "autoria": "Brizola", "texto_original": "http://sapl.manfrinopolis.pr.leg.br/media/sapl/public/materialegislativa/2020/127/indicacao_79-2020.pdf", "ementa": "INDICAR, ao Executivo Municipal, atrav\u00e9s do Setor competente, que tome as provid\u00eancias necess\u00e1rias no sentido de viabilizar recurso para aprofundar a perfura\u00e7\u00e3o do po\u00e7o artesiano localizado pr\u00f3ximo ao latic\u00ednio na Comunidade de Bela Vista do Encantilado."}, {"id": "128", "ano": "2020", "numero": "80", "tipo__sigla": "IND", "tipo__descricao": "Indica\u00e7\u00e3o", "autoria": "Claudecir Pegoraro, Marcos Ant\u00f4nio Francisconi", "texto_original": "http://sapl.manfrinopolis.pr.leg.br/media/sapl/public/materialegislativa/2020/128/indicacao_80-2020.pdf", "ementa": "INDICAR, ao Executivo Municipal, atrav\u00e9s do Setor competente, que tome as provid\u00eancias necess\u00e1rias no sentido de viabilizar recurso para realizar cascalhamento e melhorias na estrada do Barra Grande at\u00e9 a Linha Castelinho."}, {"id": "130", "ano": "2020", "numero": "81", "tipo__sigla": "IND", "tipo__descricao": "Indica\u00e7\u00e3o", "autoria": "Tiago Aparecido Thomas", "texto_original": "http://sapl.manfrinopolis.pr.leg.br/media/sapl/public/materialegislativa/2020/130/indicacao_81-2020.pdf", "ementa": "INDICAR, ao Executivo Municipal, atrav\u00e9s do Setor competente, que tome as provid\u00eancias necess\u00e1rias no sentido de viabilizar recurso para concess\u00e3o de uso de terreno e barrac\u00e3o para abrir uma agroind\u00fastria no munic\u00edpio, com objetivo de atender as necessidades dos mun\u00edcipes."}, {"id": "131", "ano": "2020", "numero": "82", "tipo__sigla": "IND", "tipo__descricao": "Indica\u00e7\u00e3o", "autoria": "Brizola", "texto_original": "http://sapl.manfrinopolis.pr.leg.br/media/sapl/public/materialegislativa/2020/131/indicacao_82-2020.pdf", "ementa": "INDICAR, ao Executivo Municipal, atrav\u00e9s do Setor competente, que tome as provid\u00eancias necess\u00e1rias no sentido de viabilizar recurso para adquirir um terreno para constru\u00e7\u00e3o de um pavilh\u00e3o industrial, com objetivo de atender as necessidades dos mun\u00edcipes."}, {"id": "132", "ano": "2020", "numero": "83", "tipo__sigla": "IND", "tipo__descricao": "Indica\u00e7\u00e3o", "autoria": "Brizola", "texto_original": "http://sapl.manfrinopolis.pr.leg.br/media/sapl/public/materialegislativa/2020/132/indicacao_83-2020.pdf", "ementa": "INDICAR, ao Executivo Municipal, atrav\u00e9s do Setor competente, que tome as provid\u00eancias necess\u00e1rias no sentido de viabilizar recurso para constru\u00e7\u00e3o de uma cisterna na comunidade do Savanhago, com objetivo de atender as necessidades das ind\u00fastrias locais e moradores."}, {"id": "133", "ano": "2020", "numero": "84", "tipo__sigla": "IND", "tipo__descricao": "Indica\u00e7\u00e3o", "autoria": "Domingos Alberto Rech", "texto_original": "http://sapl.manfrinopolis.pr.leg.br/media/sapl/public/materialegislativa/2020/133/indicacao_84-2020.pdf", "ementa": "INDICAR, ao Executivo Municipal, atrav\u00e9s do Setor competente, que tome as provid\u00eancias necess\u00e1rias  para elabora\u00e7\u00e3o de um Projeto de Lei para oficializar a  denomina\u00e7\u00e3o das seguintes ruas: Rua da Igreja Pastor Mario, com o nome de Valdivino Siqueira; Rua do morro atr\u00e1s do Clube de Dan\u00e7a Estrela da Noite, com o nome de  Professora Rosalina Padilha; Rua do Campo Velho, com o nome de Anibaldo Seibt; Rua quinze, perto da Escola Municipal E\u00e7a de Queiroz, com o nome de Valdomiro Correia."}, {"id": "134", "ano": "2020", "numero": "85", "tipo__sigla": "IND", "tipo__descricao": "Indica\u00e7\u00e3o", "autoria": "Tiago Aparecido Thomas", "texto_original": "http://sapl.manfrinopolis.pr.leg.br/media/sapl/public/materialegislativa/2020/134/indicacao_85-2020.pdf", "ementa": "INDICAR, ao Executivo Municipal, atrav\u00e9s do Setor competente, que tome as provid\u00eancias necess\u00e1rias no sentido de viabilizar recurso para implementa\u00e7\u00e3o do Sistema de Inspe\u00e7\u00e3o Municipal - SIM e posterior a ades\u00e3o ao  Sistema Unificado Estadual de Sanidade Agroindustrial Familiar, Artesanal e de Pequeno Porte \u2013 SUSAF, que envolve um conjunto de a\u00e7\u00f5es de inspe\u00e7\u00e3o sanit\u00e1ria e de fiscaliza\u00e7\u00e3o dos produtos oriundos da agricultura e agroind\u00fastria familiares, de produ\u00e7\u00e3o artesanal e de agroind\u00fastria de pequeno porte, com objetivo de melhorar a qualidade dos produtos oriundos das agroind\u00fastrias/agricultura, bem como gerar renda e assim atender as necessidades dos mun\u00edcipes."}, {"id": "135", "ano": "2020", "numero": "86", "tipo__sigla": "IND", "tipo__descricao": "Indica\u00e7\u00e3o", "autoria": "Brizola", "texto_original": "http://sapl.manfrinopolis.pr.leg.br/media/sapl/public/materialegislativa/2020/135/indicacao_86-2020.pdf", "ementa": "INDICAR, ao Executivo Municipal, atrav\u00e9s do Setor competente, que tome as provid\u00eancias necess\u00e1rias no sentido de viabilizar recurso para constru\u00e7\u00e3o de cisternas em todas as comunidades do munic\u00edpio, com objetivo de atender as necessidades das ind\u00fastrias locais e moradores."}, {"id": "136", "ano": "2020", "numero": "87", "tipo__sigla": "IND", "tipo__descricao": "Indica\u00e7\u00e3o", "autoria": "Domingos Alberto Rech", "texto_original": "http://sapl.manfrinopolis.pr.leg.br/media/sapl/public/materialegislativa/2020/136/indicacao_87-2020.pdf", "ementa": "INDICAR, ao Executivo Municipal, atrav\u00e9s do Setor competente, que tome as provid\u00eancias necess\u00e1rias no sentido de viabilizar recurso para instala\u00e7\u00e3o de lixeiras nas vias p\u00fablicas do bairro Centro Novo, com objetivo de atender as necessidades da popula\u00e7\u00e3o que ali reside."}, {"id": "137", "ano": "2020", "numero": "88", "tipo__sigla": "IND", "tipo__descricao": "Indica\u00e7\u00e3o", "autoria": "Domingos Alberto Rech", "texto_original": "http://sapl.manfrinopolis.pr.leg.br/media/sapl/public/materialegislativa/2020/137/indicacao_88-2020.pdf", "ementa": "INDICAR, ao Executivo Municipal, atrav\u00e9s do Setor competente, que tome as provid\u00eancias necess\u00e1rias no sentido de viabilizar recurso para instala\u00e7\u00e3o de uma guarita de fiscaliza\u00e7\u00e3o para caminh\u00f5es e afins na comunidade da Linha Savanhago, com objetivo de fiscaliza\u00e7\u00e3o e orienta\u00e7\u00e3o sobre a descida \u00edngreme, para assim tentar evitar os acidentes recorrentes neste trecho."}, {"id": "28", "ano": "2020", "numero": "1", "tipo__sigla": "PRL", "tipo__descricao": "Projeto de Resolu\u00e7\u00e3o", "autoria": "", "texto_original": "http://sapl.manfrinopolis.pr.leg.br/media/sapl/public/materialegislativa/2020/28/resolucao_001-2020.pdf", "ementa": "Altera Resolu\u00e7\u00e3o 04/2019, e d\u00e1 outras provid\u00eancias."}, {"id": "121", "ano": "2020", "numero": "2", "tipo__sigla": "PRL", "tipo__descricao": "Projeto de Resolu\u00e7\u00e3o", "autoria": "", "texto_original": "http://sapl.manfrinopolis.pr.leg.br/media/sapl/public/materialegislativa/2020/121/resolucao_02-2020.pdf", "ementa": "DISP\u00d5E SOBRE A PRESTA\u00c7\u00c3O DE CONTAS DO EXECUTIVO MUNICIPAL DE MANFRIN\u00d3POLIS, REFERENTES AO EXERC\u00cdCIO FINANCEIRO DE 2016."}, {"id": "122", "ano": "2020", "numero": "3", "tipo__sigla": "PRL", "tipo__descricao": "Projeto de Resolu\u00e7\u00e3o", "autoria": "", "texto_original": "http://sapl.manfrinopolis.pr.leg.br/media/sapl/public/materialegislativa/2020/122/resolucao_03-2020.pdf", "ementa": "DISP\u00d5E SOBRE A PRESTA\u00c7\u00c3O DE CONTAS DO EXECUTIVO MUNICIPAL DE MANFRIN\u00d3POLIS, REFERENTES AO EXERC\u00cdCIO FINANCEIRO DE 2018."}, {"id": "143", "ano": "2020", "numero": "4", "tipo__sigla": "PRL", "tipo__descricao": "Projeto de Resolu\u00e7\u00e3o", "autoria": "Domingos Alberto Rech", "texto_original": "http://sapl.manfrinopolis.pr.leg.br/media/", "ementa": "Autoriza o Poder Legislativo Municipal a abrir Cr\u00e9dito Adicional Suplementar por Anula\u00e7\u00e3o Parcial de Dota\u00e7\u00e3o da C\u00e2mara de Vereadores do Munic\u00edpio de Manfrin\u00f3polis, para o Exerc\u00edcio de 2020, e d\u00e1 outras provid\u00eancias."}, {"id": "16", "ano": "2020", "numero": "1", "tipo__sigla": "REQ", "tipo__descricao": "Requerimento", "autoria": "Plen\u00e1rio - Plen", "texto_original": "http://sapl.manfrinopolis.pr.leg.br/media/sapl/public/materialegislativa/2020/16/requerimento_01-2020.pdf", "ementa": "Retirada de pauta do projeto 001/2020 - Reajusta o Piso Salarial do Magist\u00e9rio Municipal para o exerc\u00edcio de 2020"}, {"id": "17", "ano": "2020", "numero": "2", "tipo__sigla": "REQ", "tipo__descricao": "Requerimento", "autoria": "Taisller Guimar\u00e3es da Silva", "texto_original": "http://sapl.manfrinopolis.pr.leg.br/media/", "ementa": "Prorroga\u00e7\u00e3o do prazo da Comiss\u00e3o Parlamentar de Inqu\u00e9rito"}, {"id": "18", "ano": "2020", "numero": "3", "tipo__sigla": "REQ", "tipo__descricao": "Requerimento", "autoria": "Marcos Ant\u00f4nio Francisconi", "texto_original": "http://sapl.manfrinopolis.pr.leg.br/media/sapl/public/materialegislativa/2020/18/requerimento_03-2020.pdf", "ementa": "Informa\u00e7\u00e3o sobre a constru\u00e7\u00e3o da unidade nova do Posto de Sa\u00fade da Comunidade S\u00e3o Sebasti\u00e3o da Bela Vista (Barra Grande)."}, {"id": "19", "ano": "2020", "numero": "4", "tipo__sigla": "REQ", "tipo__descricao": "Requerimento", "autoria": "Tiago Aparecido Thomas", "texto_original": "http://sapl.manfrinopolis.pr.leg.br/media/sapl/public/materialegislativa/2020/19/requerimento_04-2020.pdf", "ementa": "Justificativa de falta"}, {"id": "20", "ano": "2020", "numero": "5", "tipo__sigla": "REQ", "tipo__descricao": "Requerimento", "autoria": "Ademir da Rosa", "texto_original": "http://sapl.manfrinopolis.pr.leg.br/media/sapl/public/materialegislativa/2020/20/requerimento_05-2020.pdf", "ementa": "Aquisi\u00e7\u00e3o de po\u00e7o para que possa ser utilizado pelas Comunidades de Santo Ant\u00f4nio do Divisor e S\u00e3o Jo\u00e3o"}, {"id": "21", "ano": "2020", "numero": "6", "tipo__sigla": "REQ", "tipo__descricao": "Requerimento", "autoria": "Altair Panzera, Claudecir Pegoraro, Domingos Alberto Rech, Marcos Ant\u00f4nio Francisconi, Taisller Guimar\u00e3es da Silva, Tiago Aparecido Thomas", "texto_original": "http://sapl.manfrinopolis.pr.leg.br/media/sapl/public/materialegislativa/2020/21/requerimento_06-2020.pdf", "ementa": "01 \u2013 A rela\u00e7\u00e3o das obras p\u00fablicas executadas no per\u00edodo de 2017 a 2020 no munic\u00edpio, com as fases de execu\u00e7\u00e3o, com os respectivos documentos que\r\nserviram de \u00e2ncora \u00e0s aven\u00e7as firmadas;\r\n02 \u2013 A rela\u00e7\u00e3o das empresas prestadoras de servi\u00e7os contratadas pelo Governo Municipal, por setores da Administra\u00e7\u00e3o P\u00fablica, com os respectivos\r\ndocumentos embasadores da contrata\u00e7\u00e3o.\r\n03- Relat\u00f3rio completo com os valores gastos com os materiais aplicados em obras."}, {"id": "22", "ano": "2020", "numero": "7", "tipo__sigla": "REQ", "tipo__descricao": "Requerimento", "autoria": "Altair Panzera, Claudecir Pegoraro, Domingos Alberto Rech, Marcos Ant\u00f4nio Francisconi, Taisller Guimar\u00e3es da Silva, Tiago Aparecido Thomas", "texto_original": "http://sapl.manfrinopolis.pr.leg.br/media/sapl/public/materialegislativa/2020/22/requerimento_07-2020.pdf", "ementa": "Por quais raz\u00f5es a coleta de lixo n\u00e3o est\u00e3o sendo feitas nas comunidades Santa Terezinha e S\u00e3o Sebasti\u00e3o da Bela Vista (Barra Grande). Moradores das\r\nreferidas localidades est\u00e3o reclamando que o caminh\u00e3o da coleta de lixo n\u00e3o est\u00e1 realizando o servi\u00e7o nas Comunidades."}, {"id": "87", "ano": "2020", "numero": "8", "tipo__sigla": "REQ", "tipo__descricao": "Requerimento", "autoria": "Tiago Aparecido Thomas", "texto_original": "http://sapl.manfrinopolis.pr.leg.br/media/sapl/public/materialegislativa/2020/87/requerimento_08-2020.pdf", "ementa": "Justificativa de falta, do Vereador Requerente, acompanhar a esposa em uma consulta m\u00e9dica na cidade de Curitiba -PR, por essa raz\u00e3o, n\u00e3o   pode ser fazer presente, \u00e0 Sess\u00e3o Ordin\u00e1ria do dia 08 de junho do corrente ano."}, {"id": "88", "ano": "2020", "numero": "9", "tipo__sigla": "REQ", "tipo__descricao": "Requerimento", "autoria": "Domingos Alberto Rech, Taisller Guimar\u00e3es da Silva", "texto_original": "http://sapl.manfrinopolis.pr.leg.br/media/sapl/public/materialegislativa/2020/88/requerimento_09-2020.pdf", "ementa": "Informa\u00e7\u00f5es sobre a transfer\u00eancia de setor e local de trabalho da Sra. Simonia Gl\u00f3ria Leite"}, {"id": "93", "ano": "2020", "numero": "10", "tipo__sigla": "REQ", "tipo__descricao": "Requerimento", "autoria": "Claudecir Pegoraro", "texto_original": "http://sapl.manfrinopolis.pr.leg.br/media/sapl/public/materialegislativa/2020/93/requerimento_10-2020.pdf", "ementa": "Justificar falta, do Vereador Requerente, precisou ficar em quarentena (quinze dias) por contato com pessoa contaminada com a doen\u00e7a COVID-19, n\u00e3o   pode se fazer presente, \u00e0 Sess\u00e3o Ordin\u00e1ria nos dias 08 e 15 de junho do corrente ano."}, {"id": "97", "ano": "2020", "numero": "11", "tipo__sigla": "REQ", "tipo__descricao": "Requerimento", "autoria": "Claudecir Pegoraro", "texto_original": "http://sapl.manfrinopolis.pr.leg.br/media/", "ementa": "O vereador CLAUDECIR PEGORARO infra-assinado, do partido PDT, com assento nesta Casa de Leis, vem \u00e0 presen\u00e7a de Vossa Excel\u00eancia, em conformidade com os artigo 21 e seguintes do Regimento Interno e artigo 38, inciso III, da Lei Org\u00e2nica do Munic\u00edpio, submeter ao Egr\u00e9gio Plen\u00e1rio o presente REQUERIMENTO DE LICEN\u00c7A, pelo per\u00edodo de trinta dias, a contar do dia 01 de agosto de 2020 a 31 de agosto de 2020 para tratar, sem remunera\u00e7\u00e3o, de interesse particular."}, {"id": "124", "ano": "2020", "numero": "12", "tipo__sigla": "REQ", "tipo__descricao": "Requerimento", "autoria": "Ademir da Rosa", "texto_original": "http://sapl.manfrinopolis.pr.leg.br/media/sapl/public/materialegislativa/2020/124/requerimento.pdf", "ementa": "O vereador ADEMIR DA ROSA infra-assinado, do partido PV, com assento nesta Casa de Leis, vem \u00e0 presen\u00e7a de Vossa Excel\u00eancia, em conformidade com os artigo 21 e seguintes do Regimento Interno e artigo 38, inciso III, da Lei Org\u00e2nica do Munic\u00edpio, submeter ao Egr\u00e9gio Plen\u00e1rio o presente REQUERIMENTO DE LICEN\u00c7A, pelo per\u00edodo de trinta dias, a contar do dia 01 de setembro de 2020 a 30 de setembro de 2020 para tratar, sem remunera\u00e7\u00e3o, de interesse particular."}, {"id": "129", "ano": "2020", "numero": "13", "tipo__sigla": "REQ", "tipo__descricao": "Requerimento", "autoria": "Taisller Guimar\u00e3es da Silva", "texto_original": "http://sapl.manfrinopolis.pr.leg.br/media/sapl/public/materialegislativa/2020/129/requerimento_13-2020.pdf", "ementa": "Delibere juntamente com o plen\u00e1rio para a justificativa de falta, do Vereador Requerente, n\u00e3o pode comparecer por estar na estrada e ocorreu problemas mec\u00e2nicos no carro, por essa raz\u00e3o, n\u00e3o pode se fazer presente, \u00e0 Sess\u00e3o Ordin\u00e1ria no dia 14 de setembro do corrente ano."}, {"id": "144", "ano": "2020", "numero": "14", "tipo__sigla": "REQ", "tipo__descricao": "Requerimento", "autoria": "Claudecir Pegoraro", "texto_original": "http://sapl.manfrinopolis.pr.leg.br/media/sapl/public/materialegislativa/2020/144/requerimento_14-2020.pdf", "ementa": "O Vereador que o presente subscreve, nos termos legais e regimentais, ouvindo o Plen\u00e1rio, solicita \u00e0 mesa Diretora da C\u00e2mara Municipal de Manfrin\u00f3polis, Estado do Paran\u00e1, que tomem as seguintes provid\u00eancias:\r\n                    Delibere juntamente com o plen\u00e1rio para a justificativa de falta, do Vereador Requerente, n\u00e3o pode comparecer porque ocorreu problemas mec\u00e2nicos no carro, por essa raz\u00e3o, n\u00e3o pode se fazer presente, \u00e0 Sess\u00e3o Ordin\u00e1ria no dia 23 de novembro do corrente ano."}, {"id": "145", "ano": "2020", "numero": "15", "tipo__sigla": "REQ", "tipo__descricao": "Requerimento", "autoria": "Tiago Aparecido Thomas", "texto_original": "http://sapl.manfrinopolis.pr.leg.br/media/sapl/public/materialegislativa/2020/145/requerimento_15-2020.pdf", "ementa": "O Vereador que o presente subscreve, nos termos legais e regimentais, ouvindo o Plen\u00e1rio, solicita \u00e0 mesa Diretora da C\u00e2mara Municipal de Manfrin\u00f3polis, Estado do Paran\u00e1, que tomem as seguintes provid\u00eancias:\r\n                    Delibere juntamente com o plen\u00e1rio para a justificativa de falta, do Vereador Requerente, precisou ficar em isolamento domiciliar por quinze dias, pois teve contato com pessoa infectada com o Covid-19, por essa raz\u00e3o, n\u00e3o   pode se fazer presente, \u00e0 Sess\u00e3o Ordin\u00e1ria nos dias 07 e 14 de dezembro do corrente ano."}, {"id": "23", "ano": "2020", "numero": "4", "tipo__sigla": "POR", "tipo__descricao": "Portaria", "autoria": "", "texto_original": "http://sapl.manfrinopolis.pr.leg.br/media/sapl/public/materialegislativa/2020/23/portaria_04-2020_-_comissoes_fixas.pdf", "ementa": "Nomeia as Comiss\u00f5es Permanentes da C\u00e2mara Municipal de Vereadores de Manfrin\u00f3polis-Pr para o Bi\u00eanio 2019/2020."}, {"id": "24", "ano": "2020", "numero": "3", "tipo__sigla": "PLOL", "tipo__descricao": "Projeto de Lei Ordin\u00e1ria - Iniciativa Legislativo", "autoria": "", "texto_original": "http://sapl.manfrinopolis.pr.leg.br/media/sapl/public/materialegislativa/2020/24/projeto_03-2020_-_legislativo.pdf", "ementa": "Estabelece normas para o pagamento de di\u00e1rias aos agentes p\u00fablicos no \u00e2mbito do Poder Legislativo do Munic\u00edpio de Manfrin\u00f3polis/PR e d\u00e1 outras provid\u00eancias."}, {"id": "27", "ano": "2020", "numero": "4", "tipo__sigla": "PLOL", "tipo__descricao": "Projeto de Lei Ordin\u00e1ria - Iniciativa Legislativo", "autoria": "Domingos Alberto Rech, Marcos Ant\u00f4nio Francisconi, Tiago Aparecido Thomas", "texto_original": "http://sapl.manfrinopolis.pr.leg.br/media/", "ementa": "Autoriza o Poder Legislativo Municipal Filiar-se e a contribuir mensalmente com a Associa\u00e7\u00e3o das C\u00e2maras Municipais do Sudoeste do Paran\u00e1-ACAMSOP"}, {"id": "102", "ano": "2020", "numero": "5", "tipo__sigla": "PLOL", "tipo__descricao": "Projeto de Lei Ordin\u00e1ria - Iniciativa Legislativo", "autoria": "", "texto_original": "http://sapl.manfrinopolis.pr.leg.br/media/sapl/public/materialegislativa/2020/102/pll_05-2020.pdf", "ementa": "Fixa os subs\u00eddios dos Vereadores do Munic\u00edpio para a pr\u00f3xima legislatura (2021/2024)."}, {"id": "103", "ano": "2020", "numero": "6", "tipo__sigla": "PLOL", "tipo__descricao": "Projeto de Lei Ordin\u00e1ria - Iniciativa Legislativo", "autoria": "", "texto_original": "http://sapl.manfrinopolis.pr.leg.br/media/sapl/public/materialegislativa/2020/103/pll_06-2020.pdf", "ementa": "Disp\u00f5e sobre o Subs\u00eddio do Prefeito, Vice-Prefeito e dos Secret\u00e1rios Municipais do Munic\u00edpio de Manfrin\u00f3polis para a pr\u00f3xima Legislatura (2021/2024)."}]}