{"headers": {"id": "ID", "ano": "Ano", "numero": "N\u00famero", "tipo__sigla": "Tipo de Mat\u00e9ria Legislativa/Sigla", "tipo__descricao": "Tipo de Mat\u00e9ria Legislativa/Descri\u00e7\u00e3o", "autoria": "Autorias", "texto_original": "Texto Original", "ementa": "Ementa"}, "results": [{"id": "659", "ano": "2019", "numero": "1", "tipo__sigla": "IND", "tipo__descricao": "Indica\u00e7\u00e3o", "autoria": "Domingos Alberto Rech", "texto_original": "http://sapl.manfrinopolis.pr.leg.br/media/sapl/public/materialegislativa/2019/659/indicacao_no_001-_-_domingos.pdf", "ementa": "O Vereador que o presente subscreve de acordo com as normas regimentais, encaminha INDICA\u00c7\u00c3O ao Sr. Caetano Ilair Alievi, Prefeito Municipal de Manfrin\u00f3polis, atrav\u00e9s do setor competente, que tome as provid\u00eancias necess\u00e1rias para que, o motorista da sa\u00fade da Comunidade S\u00e3o Sebasti\u00e3o da Bela Vista ( Barra Grande) cumpra  o seu plant\u00e3o durante o hor\u00e1rio de expediente, na unidade de sa\u00fade da comunidade."}, {"id": "660", "ano": "2019", "numero": "2", "tipo__sigla": "IND", "tipo__descricao": "Indica\u00e7\u00e3o", "autoria": "Brizola", "texto_original": "http://sapl.manfrinopolis.pr.leg.br/media/sapl/public/materialegislativa/2019/660/indicacao_no_002-_construcao_de_banheiros_proximo_academia.pdf", "ementa": "O Vereador que o presente subscreve de acordo com as normas regimentais, encaminha INDICA\u00c7\u00c3O ao Sr. Caetano Ilair Alievi, Prefeito Municipal de Manfrin\u00f3polis, atrav\u00e9s do setor competente, solicitando que tome as provid\u00eancias necess\u00e1rias no sentido de viabilizar recurso, constru\u00e7\u00e3o de banheiros (femininos e masculinos) pr\u00f3ximo a academia ao ar livre, localizada na Rua Quatorze ."}, {"id": "661", "ano": "2019", "numero": "3", "tipo__sigla": "IND", "tipo__descricao": "Indica\u00e7\u00e3o", "autoria": "Claudecir Pegoraro, Marcos Ant\u00f4nio Francisconi", "texto_original": "http://sapl.manfrinopolis.pr.leg.br/media/sapl/public/materialegislativa/2019/661/indicacao_no_003-_recuperacao_da_estrada-_petraski_-claudecir_e__marcos.pdf", "ementa": "Os Vereadores que o presente subscrevem de acordo com as normas regimentais, encaminha INDICA\u00c7\u00c3O ao Sr. Caetano Ilair Alievi, Prefeito Municipal de Manfrin\u00f3polis, ao Sr. Lair Dias, Secret\u00e1rio Municipal do Interior, solicitando o que tomem as provid\u00eancias necess\u00e1rias no sentido de viabilizar recurso, para recupera\u00e7\u00e3o com cascalhamento das estradas da Linha Canarinho at\u00e9 Linha Petraski. Por se tratar de um pedido da comunidade, solicito atendimento urgente nesta indica\u00e7\u00e3o."}, {"id": "662", "ano": "2019", "numero": "4", "tipo__sigla": "IND", "tipo__descricao": "Indica\u00e7\u00e3o", "autoria": "Marcos Ant\u00f4nio Francisconi, Tiago Aparecido Thomas", "texto_original": "http://sapl.manfrinopolis.pr.leg.br/media/sapl/public/materialegislativa/2019/662/indicacao_no_004-_aquisicao__maquina_de__costura-_marcos_e_claudecir.pdf", "ementa": "Os Vereadores que os presente subscrevem de acordo com as normas regimentais, encaminha INDICA\u00c7\u00c3O ao Sr. Caetano Ilair Alievi, Prefeito Municipal de Manfrin\u00f3polis, atrav\u00e9s do setor competente, que tome as provid\u00eancias necess\u00e1rias para aquisi\u00e7\u00e3o de m\u00e1quina de costura industrial, sendo elas destinadas para empresa Amiel Ind\u00fastria de Confec\u00e7\u00e3o, localizada na Comunidade S\u00e3o Sebasti\u00e3o da Bela Vista (Barra Grande)."}, {"id": "663", "ano": "2019", "numero": "5", "tipo__sigla": "IND", "tipo__descricao": "Indica\u00e7\u00e3o", "autoria": "Tiago Aparecido Thomas", "texto_original": "http://sapl.manfrinopolis.pr.leg.br/media/sapl/public/materialegislativa/2019/663/indicacao_no_005-_aquisicao__container-_tiago.pdf", "ementa": "O Vereador que o presente subscreve de acordo com as normas regimentais, encaminha INDICA\u00c7\u00c3O ao Sr. Caetano Ilair Alievi, Prefeito Municipal de Manfrin\u00f3polis, atrav\u00e9s do setor competente, que tome as provid\u00eancias necess\u00e1rias para aquisi\u00e7\u00e3o e substitui\u00e7\u00f5es das lixeiras (tambor) por lixeiras cont\u00eaineres."}, {"id": "664", "ano": "2019", "numero": "6", "tipo__sigla": "IND", "tipo__descricao": "Indica\u00e7\u00e3o", "autoria": "Domingos Alberto Rech, Taisller Guimar\u00e3es da Silva, Tiago Aparecido Thomas", "texto_original": "http://sapl.manfrinopolis.pr.leg.br/media/sapl/public/materialegislativa/2019/664/indicacao_no_006-_encanamento_da_rede_de_agua_gleba_dos_morros-_domingos.pdf", "ementa": "Os Vereadores que os presente subscrevem, na forma regimental, vem mui respeitosamente \u00e0 presen\u00e7a de Vossa Excel\u00eancia, INDICAR, ao Executivo Municipal, atrav\u00e9s do Setor competente, que tome as provid\u00eancias necess\u00e1rias no sentido de viabilizar recurso para instala\u00e7\u00e3o e encanamento da rede de \u00e1gua na Comunidade Gleba dos Morros."}, {"id": "665", "ano": "2019", "numero": "7", "tipo__sigla": "IND", "tipo__descricao": "Indica\u00e7\u00e3o", "autoria": "Altair Panzera", "texto_original": "http://sapl.manfrinopolis.pr.leg.br/media/sapl/public/materialegislativa/2019/665/indicacao_no_007-_aquisicao_patrulha-_altair.pdf", "ementa": "O Vereador que o presente subscreve, na forma regimental, vem mui respeitosamente \u00e0 presen\u00e7a de Vossa Excel\u00eancia, INDICAR, ao Executivo Municipal, atrav\u00e9s do Setor competente, que tome as provid\u00eancias necess\u00e1rias no sentido de viabilizar recursos junto ao Governo Federal ou Estadual, para aquisi\u00e7\u00e3o de uma patrulha agr\u00edcola, que a mesma seja destinada para as comunidades Alto S\u00e3o Jo\u00e3o, S\u00e3o Jo\u00e3o e Canarinho."}, {"id": "666", "ano": "2019", "numero": "8", "tipo__sigla": "IND", "tipo__descricao": "Indica\u00e7\u00e3o", "autoria": "Ademir da Rosa, Ant\u00f4nio Pereira", "texto_original": "http://sapl.manfrinopolis.pr.leg.br/media/sapl/public/materialegislativa/2019/666/indicacao_no_008-_recuperacao_da_estrada_freire-_antonio_ademir.pdf", "ementa": "Os Vereadores que o presente subscrevem, na forma regimental, vem mui respeitosamente \u00e0 presen\u00e7a de Vossa Excel\u00eancia, INDICAR, ao Executivo Municipal, atrav\u00e9s do Setor competente, que tome as provid\u00eancias necess\u00e1rias no sentido de viabilizar recurso, para recupera\u00e7\u00e3o das estradas da Comunidade Linha Freire at\u00e9 o acesso da Comunidade S\u00e3o Sebasti\u00e3o da Bela Vista (Barra Grande)."}, {"id": "667", "ano": "2019", "numero": "9", "tipo__sigla": "IND", "tipo__descricao": "Indica\u00e7\u00e3o", "autoria": "Ademir da Rosa", "texto_original": "http://sapl.manfrinopolis.pr.leg.br/media/sapl/public/materialegislativa/2019/667/indicacao_no_009-_reperacao_de_tubos_ademir_e_antonio.pdf", "ementa": "Os Vereadores que o presente subscrevem, na forma regimental, vem mui respeitosamente \u00e0 presen\u00e7a de Vossa Excel\u00eancia, INDICAR, ao Executivo Municipal, atrav\u00e9s do Setor competente, que tome as provid\u00eancias necess\u00e1rias no sentido de viabilizar recurso, para que veja com urg\u00eancia a necessidade de se reparar da tubula\u00e7\u00e3o das estradas da  na Linha Roncador, pr\u00f3ximo a propriedade do senhor Emerson Dal Posso e de mais moradores."}, {"id": "668", "ano": "2019", "numero": "10", "tipo__sigla": "IND", "tipo__descricao": "Indica\u00e7\u00e3o", "autoria": "Tiago Aparecido Thomas", "texto_original": "http://sapl.manfrinopolis.pr.leg.br/media/sapl/public/materialegislativa/2019/668/indicacao_no_010-desassoreamento_do_rio-_tiago.pdf", "ementa": "O Vereador que o presente subscreve, na forma regimental, vem mui respeitosamente \u00e0 presen\u00e7a de Vossa Excel\u00eancia, INDICAR, ao Executivo Municipal, atrav\u00e9s do Setor competente, que tome as provid\u00eancias necess\u00e1rias no sentido de viabilizar recursos junto ao Governo Federal ou Estadual, para fazer o desassoreamento e regulariza\u00e7\u00e3o do muro de conten\u00e7\u00e3o da encosta do Rio Buffon."}, {"id": "669", "ano": "2019", "numero": "11", "tipo__sigla": "IND", "tipo__descricao": "Indica\u00e7\u00e3o", "autoria": "Domingos Alberto Rech", "texto_original": "http://sapl.manfrinopolis.pr.leg.br/media/sapl/public/materialegislativa/2019/669/indicacao_no_011-_encanamento_da_rede_de_agua_aparecida-_domingos.pdf", "ementa": "O Vereador que o presente subscreve, na forma regimental, vem mui respeitosamente \u00e0 presen\u00e7a de Vossa Excel\u00eancia, INDICAR, ao Executivo Municipal, atrav\u00e9s do Setor competente, que tome as provid\u00eancias necess\u00e1rias no sentido de viabilizar recurso para instala\u00e7\u00e3o e encanamento da rede de \u00e1gua na Comunidade da Linha Aparecida."}, {"id": "670", "ano": "2019", "numero": "12", "tipo__sigla": "IND", "tipo__descricao": "Indica\u00e7\u00e3o", "autoria": "Tiago Aparecido Thomas", "texto_original": "http://sapl.manfrinopolis.pr.leg.br/media/sapl/public/materialegislativa/2019/670/indicacao_no_012-_construcao_passarela-_tiago.pdf", "ementa": "Os Vereadores que o presente subscrevem, na forma regimental, vem mui respeitosamente \u00e0 presen\u00e7a de Vossa Excel\u00eancia, INDICAR, ao Executivo Municipal, atrav\u00e9s do Setor competente, que tome as provid\u00eancias necess\u00e1rias no sentido de viabilizar recurso para constru\u00e7\u00e3o de uma passarela suspensa sobre o Rio Encantilado, a mesma interliga a rua Vereador Clodomir Chorna ao Centro de Eventos localizado na rua Campo Velho."}, {"id": "671", "ano": "2019", "numero": "13", "tipo__sigla": "IND", "tipo__descricao": "Indica\u00e7\u00e3o", "autoria": "Ant\u00f4nio Pereira", "texto_original": "http://sapl.manfrinopolis.pr.leg.br/media/sapl/public/materialegislativa/2019/671/indicacao_no_012-_construcao_passarela-_tiago.pdf", "ementa": "O Vereador que o presente subscreve, na forma regimental, vem mui respeitosamente \u00e0 presen\u00e7a de Vossa Excel\u00eancia, INDICAR, ao Executivo Municipal, atrav\u00e9s do Setor competente, que tome as provid\u00eancias necess\u00e1rias no sentido de viabilizar recurso para constru\u00e7\u00e3o de abrigos nos pontos de \u00f4nibus, na Comunidade da Linha Canarinho, pr\u00f3ximo a propriedade do senhor Varlei Rafain, a fazenda Scopel e pr\u00f3ximo a entrada do cemit\u00e9rio."}, {"id": "672", "ano": "2019", "numero": "14", "tipo__sigla": "IND", "tipo__descricao": "Indica\u00e7\u00e3o", "autoria": "Claudecir Pegoraro, Marcos Ant\u00f4nio Francisconi", "texto_original": "http://sapl.manfrinopolis.pr.leg.br/media/sapl/public/materialegislativa/2019/672/indicacao_no_014-_construcao_de_parque-_claudecir_e_marcos.pdf", "ementa": "Os Vereadores que o presente subscrevem, na forma regimental, vem mui respeitosamente \u00e0 presen\u00e7a de Vossa Excel\u00eancia, INDICAR, ao Executivo Municipal, atrav\u00e9s do Setor competente, que tome as provid\u00eancias necess\u00e1rias no sentido de viabilizar recurso, para constru\u00e7\u00e3o de um Parque Infantil na Escola Municipal Cec\u00edlia Meireles, localizada na Comunidade S\u00e3o Sebasti\u00e3o da Bela Vista (Barra Grande)."}, {"id": "673", "ano": "2019", "numero": "15", "tipo__sigla": "IND", "tipo__descricao": "Indica\u00e7\u00e3o", "autoria": "Marcos Ant\u00f4nio Francisconi, Taisller Guimar\u00e3es da Silva", "texto_original": "http://sapl.manfrinopolis.pr.leg.br/media/sapl/public/materialegislativa/2019/673/indicacao_no_015-_academia_santa_terezinha-_taisller_e_marcos.pdf", "ementa": "Os Vereadores que o presente subscrevem, na forma regimental, vem mui respeitosamente \u00e0 presen\u00e7a de Vossa Excel\u00eancia, INDICAR, ao Executivo Municipal, atrav\u00e9s do Setor competente, que tome as provid\u00eancias necess\u00e1rias no sentido de viabilizar recursos junto ao Governo Federal ou Estadual, para aquisi\u00e7\u00e3o de uma academia ao ar livre, para comunidade de Santa Terezinha."}, {"id": "674", "ano": "2019", "numero": "16", "tipo__sigla": "IND", "tipo__descricao": "Indica\u00e7\u00e3o", "autoria": "Brizola", "texto_original": "http://sapl.manfrinopolis.pr.leg.br/media/sapl/public/materialegislativa/2019/674/indicacao_no_016-_construcao_pavimentacao_linha_aparecida-_ildo.pdf", "ementa": "O Vereador que o presente subscreve, na forma regimental, vem mui respeitosamente \u00e0 presen\u00e7a de Vossa Excel\u00eancia, INDICAR, ao Executivo Municipal, atrav\u00e9s do Setor competente, que tome as provid\u00eancias necess\u00e1rias no sentido de viabilizar recurso para constru\u00e7\u00e3o de pavimenta\u00e7\u00e3o poli\u00e9drica na estrada da Linha Aparecida at\u00e9 a PR 182."}, {"id": "675", "ano": "2019", "numero": "17", "tipo__sigla": "IND", "tipo__descricao": "Indica\u00e7\u00e3o", "autoria": "Domingos Alberto Rech, Taisller Guimar\u00e3es da Silva, Tiago Aparecido Thomas", "texto_original": "http://sapl.manfrinopolis.pr.leg.br/media/sapl/public/materialegislativa/2019/675/indicacao_no_017-_encanamento_da_rede_de_agua_squina_e_sao_jorge-_domingos_taisller_e_tiago.pdf", "ementa": "Os Vereadores que os presente subscrevem, na forma regimental, vem mui respeitosamente \u00e0 presen\u00e7a de Vossa Excel\u00eancia, INDICAR, ao Executivo Municipal, atrav\u00e9s do Setor competente, que tome as provid\u00eancias necess\u00e1rias no sentido de viabilizar recurso para instala\u00e7\u00e3o e encanamento da rede de \u00e1gua nas Comunidades  Linhas S\u00e3o Jorge e Linha Squina."}, {"id": "676", "ano": "2019", "numero": "18", "tipo__sigla": "IND", "tipo__descricao": "Indica\u00e7\u00e3o", "autoria": "Claudecir Pegoraro, Marcos Ant\u00f4nio Francisconi", "texto_original": "http://sapl.manfrinopolis.pr.leg.br/media/sapl/public/materialegislativa/2019/676/indicacao_no_018-_construcao_de_pontilhao-_claudecir_e_marcos.pdf", "ementa": "Os Vereadores que os presente subscrevem, na forma regimental, vem mui respeitosamente \u00e0 presen\u00e7a de Vossa Excel\u00eancia, INDICAR, ao Executivo Municipal, atrav\u00e9s do Setor competente, que tome as provid\u00eancias necess\u00e1rias no sentido de viabilizar recurso para constru\u00e7\u00e3o de um pontilh\u00e3o sobre o Rio Barra Grande, na Comunidade S\u00e3o Sebasti\u00e3o da Bela Vista ( Barra Grande),pr\u00f3ximo as propriedades dos Senhores Alcides Bazotti e Jorge Tonelo."}, {"id": "677", "ano": "2019", "numero": "19", "tipo__sigla": "IND", "tipo__descricao": "Indica\u00e7\u00e3o", "autoria": "Brizola", "texto_original": "http://sapl.manfrinopolis.pr.leg.br/media/sapl/public/materialegislativa/2019/677/indicacao_no_019-_construcao_pontilhao_linha_aparecida-_ildo.pdf", "ementa": "O Vereador que o presente subscreve, na forma regimental, vem mui respeitosamente \u00e0 presen\u00e7a de Vossa Excel\u00eancia, INDICAR, ao Executivo Municipal, atrav\u00e9s do Setor competente, que tome as provid\u00eancias necess\u00e1rias no sentido de viabilizar recurso para constru\u00e7\u00e3o de pontilh\u00e3o na Comunidade da Linha Aparecida, pr\u00f3ximo a propriedade Marcheski."}, {"id": "678", "ano": "2019", "numero": "20", "tipo__sigla": "IND", "tipo__descricao": "Indica\u00e7\u00e3o", "autoria": "Claudecir Pegoraro, Domingos Alberto Rech, Marcos Ant\u00f4nio Francisconi, Taisller Guimar\u00e3es da Silva, Tiago Aparecido Thomas", "texto_original": "http://sapl.manfrinopolis.pr.leg.br/media/sapl/public/materialegislativa/2019/678/indicacao_no_020-_atendimento_odontologico-_claudecir_domingos_marcos_taisller_e_tiago.pdf", "ementa": "Os Vereadores que os presente subscrevem, na forma regimental, vem mui respeitosamente \u00e0 presen\u00e7a de Vossa Excel\u00eancia, INDICAR, ao Executivo Municipal, atrav\u00e9s do Setor competente, que tome as provid\u00eancias necess\u00e1rias no sentido de retomar os atendimentos odontol\u00f3gico na Comunidade Santa Luzia."}, {"id": "679", "ano": "2019", "numero": "21", "tipo__sigla": "IND", "tipo__descricao": "Indica\u00e7\u00e3o", "autoria": "Taisller Guimar\u00e3es da Silva", "texto_original": "http://sapl.manfrinopolis.pr.leg.br/media/sapl/public/materialegislativa/2019/679/indicacao_no_021-_recuperacao_das_estradas-_taisller.pdf", "ementa": "O Vereador que o presente subscreve, na forma regimental, vem mui respeitosamente \u00e0 presen\u00e7a de Vossa Excel\u00eancia, INDICAR, ao Executivo Municipal, atrav\u00e9s do Setor competente, que tome as provid\u00eancias necess\u00e1rias no sentido de viabilizar recurso para constru\u00e7\u00e3o de bueiro e recupera\u00e7\u00e3o com cascalhamento das estradas da Linha Gleba dos Morros, pr\u00f3ximo a propriedade do senhor Jo\u00e3o Ant\u00f4nio dos Santos e demais moradores."}, {"id": "680", "ano": "2019", "numero": "22", "tipo__sigla": "IND", "tipo__descricao": "Indica\u00e7\u00e3o", "autoria": "Tiago Aparecido Thomas", "texto_original": "http://sapl.manfrinopolis.pr.leg.br/media/sapl/public/materialegislativa/2019/680/indicacao_no_022-_construcao_calcamento_e_iluminacao__bairro_campo_velho_ou_centro_novo_tiago.pdf", "ementa": "O Vereador que o presente subscreve de acordo com as normas regimentais, encaminha INDICA\u00c7\u00c3O ao Sr. Caetano Ilair Alievi, Prefeito Municipal de Manfrin\u00f3polis, atrav\u00e9s do setor competente, que tome as provid\u00eancias necess\u00e1rias no sentido de viabilizar recurso para constru\u00e7\u00e3o de pavimenta\u00e7\u00e3o poli\u00e9drica e instala\u00e7\u00e3o da rede de ilumina\u00e7\u00e3o p\u00fablica no Bairro Campo Velho ao Bairro Centro Novo."}, {"id": "681", "ano": "2019", "numero": "23", "tipo__sigla": "IND", "tipo__descricao": "Indica\u00e7\u00e3o", "autoria": "Taisller Guimar\u00e3es da Silva", "texto_original": "http://sapl.manfrinopolis.pr.leg.br/media/sapl/public/materialegislativa/2019/681/indicacao_no_023-_instalacao_da_tubulacao-_taisller.pdf", "ementa": "O Vereador que o presente subscreve, na forma regimental, vem mui respeitosamente \u00e0 presen\u00e7a de Vossa Excel\u00eancia, INDICAR, ao Executivo Municipal, atrav\u00e9s do Setor competente, que tome as provid\u00eancias necess\u00e1rias no sentido realizar a instala\u00e7\u00e3o de bueiros na Rua Ladislau Turski, pr\u00f3ximo a propriedade do senhor Valter Favero."}, {"id": "682", "ano": "2019", "numero": "24", "tipo__sigla": "IND", "tipo__descricao": "Indica\u00e7\u00e3o", "autoria": "Domingos Alberto Rech", "texto_original": "http://sapl.manfrinopolis.pr.leg.br/media/sapl/public/materialegislativa/2019/682/indicacao_no_024-_lombadas_bairro_sao_domingos-_domingos.pdf", "ementa": "O Vereador que o presente subscreve, na forma regimental, vem mui respeitosamente \u00e0 presen\u00e7a de Vossa Excel\u00eancia, INDICAR, ao Executivo Municipal, atrav\u00e9s do Setor competente, que tome as provid\u00eancias necess\u00e1rias no sentido de viabilizar recurso, para que determine a constru\u00e7\u00e3o de dois redutores de velocidade, sendo uma na Avenida S\u00e3o Crist\u00f3v\u00e3o, em local pr\u00f3ximo a resid\u00eancia do Senhor Cleonir Gubertt e a outra na Rua Hilda Harnisch local pr\u00f3ximo a resid\u00eancia do Senhor Domingos Soster, Bairro S\u00e3o Domingos."}, {"id": "683", "ano": "2019", "numero": "25", "tipo__sigla": "IND", "tipo__descricao": "Indica\u00e7\u00e3o", "autoria": "Brizola", "texto_original": "http://sapl.manfrinopolis.pr.leg.br/media/sapl/public/materialegislativa/2019/683/indicacao_no_025-_subsidioo_de_horas_maquinas-_ildo.pdf", "ementa": "O Vereador que o presente subscreve, na forma regimental, vem mui respeitosamente \u00e0 presen\u00e7a de Vossa Excel\u00eancia, INDICAR, ao Executivo Municipal, atrav\u00e9s do Setor competente, solicita o subsidio de horas m\u00e1quinas para agricultores do munic\u00edpio. Os incentivos ser\u00e3o destinados aos produtores rurais que possuam a inscri\u00e7\u00e3o de produtor e estejam em dia com a nota de produtor."}, {"id": "684", "ano": "2019", "numero": "26", "tipo__sigla": "IND", "tipo__descricao": "Indica\u00e7\u00e3o", "autoria": "Domingos Alberto Rech", "texto_original": "http://sapl.manfrinopolis.pr.leg.br/media/sapl/public/materialegislativa/2019/684/indicacao_no_026-_reforma_da_ponte_-_domingos.pdf", "ementa": "O Vereador que o presente subscreve, na forma regimental, vem mui respeitosamente \u00e0 presen\u00e7a de Vossa Excel\u00eancia, INDICAR, ao Executivo Municipal, atrav\u00e9s do Setor competente, para providenciar a reforma da ponte de madeira situada Linha S\u00e3o Jorge, pr\u00f3ximo a propriedade do senhor Valdir Kaiper."}, {"id": "685", "ano": "2019", "numero": "27", "tipo__sigla": "IND", "tipo__descricao": "Indica\u00e7\u00e3o", "autoria": "Manoel Vanderlei Lopes", "texto_original": "http://sapl.manfrinopolis.pr.leg.br/media/sapl/public/materialegislativa/2019/685/indicacao_no_027-_disponibilizar_carro_sao_joao-_vande.pdf", "ementa": "O Vereador que o presente subscreve, na forma regimental, vem mui respeitosamente \u00e0 presen\u00e7a de Vossa Excel\u00eancia, INDICAR, ao Executivo Municipal, atrav\u00e9s do Setor competente, que tome as provid\u00eancias necess\u00e1rias afim de disponibilizar um carro da sa\u00fade para atender as demandas das comunidades Alto S\u00e3o Jo\u00e3o, S\u00e3o Jo\u00e3o e Canarinho."}, {"id": "686", "ano": "2019", "numero": "28", "tipo__sigla": "IND", "tipo__descricao": "Indica\u00e7\u00e3o", "autoria": "Manoel Vanderlei Lopes", "texto_original": "http://sapl.manfrinopolis.pr.leg.br/media/sapl/public/materialegislativa/2019/686/indicacao_no_028-_encanamento_da_rede_de_agua_alto_sao_joao-_vande.pdf", "ementa": "O Vereador que o presente subscreve, na forma regimental, vem mui respeitosamente \u00e0 presen\u00e7a de Vossa Excel\u00eancia, INDICAR, ao Executivo Municipal, atrav\u00e9s do Setor competente, que tome as provid\u00eancias necess\u00e1rias no sentido de viabilizar recurso para instala\u00e7\u00e3o e encanamento da rede de \u00e1gua na Comunidade Linha Alto S\u00e3o Jo\u00e3o"}, {"id": "687", "ano": "2019", "numero": "29", "tipo__sigla": "IND", "tipo__descricao": "Indica\u00e7\u00e3o", "autoria": "Adelar de Oliveira", "texto_original": "http://sapl.manfrinopolis.pr.leg.br/media/sapl/public/materialegislativa/2019/687/indicacao_no_029-_construcao_de_ponte_aparecida-_adelar.pdf", "ementa": "O Vereador que o presente subscreve, na forma regimental, vem mui respeitosamente \u00e0 presen\u00e7a de Vossa Excel\u00eancia, INDICAR, ao Executivo Municipal, atrav\u00e9s do Setor competente, que tome as provid\u00eancias necess\u00e1rias no sentido de viabilizar recurso para constru\u00e7\u00e3o de uma ponte sobre o rio Arroio Costa, na Comunidade da Linha Aparecida."}, {"id": "688", "ano": "2019", "numero": "30", "tipo__sigla": "IND", "tipo__descricao": "Indica\u00e7\u00e3o", "autoria": "Adelar de Oliveira", "texto_original": "http://sapl.manfrinopolis.pr.leg.br/media/sapl/public/materialegislativa/2019/688/indicacao_no_030-_construcao_quadra_coberta_savanhago-_adelar.pdf", "ementa": "O Vereador que o presente subscreve, na forma regimental, vem mui respeitosamente \u00e0 presen\u00e7a de Vossa Excel\u00eancia, INDICAR, ao Executivo Municipal, atrav\u00e9s do Setor competente, que tome as provid\u00eancias necess\u00e1rias no sentido de viabilizar recurso, constru\u00e7\u00e3o de uma quadra poliesportiva coberta na comunidade Savanhago."}, {"id": "689", "ano": "2019", "numero": "31", "tipo__sigla": "IND", "tipo__descricao": "Indica\u00e7\u00e3o", "autoria": "Jairo Souza Albino", "texto_original": "http://sapl.manfrinopolis.pr.leg.br/media/sapl/public/materialegislativa/2019/689/indicacao_no_031-_recuperacao_da_estrada_santo_terezinha_-jairo.pdf", "ementa": "O Vereador que o presente subscreve, na forma regimental, vem mui respeitosamente \u00e0 presen\u00e7a de Vossa Excel\u00eancia, INDICAR, ao Executivo Municipal, solicitando o que tomem as provid\u00eancias necess\u00e1rias no sentido de viabilizar recurso, para substitui\u00e7\u00e3o da tubula\u00e7\u00e3o j\u00e1 existente, por tubula\u00e7\u00e3o de maior di\u00e2metro e recupera\u00e7\u00e3o com cascalhamento das estradas da Linha Santa Terezinha, pr\u00f3ximo a propriedade do senhor Pedro Zanbam e demais moradores."}, {"id": "690", "ano": "2019", "numero": "32", "tipo__sigla": "IND", "tipo__descricao": "Indica\u00e7\u00e3o", "autoria": "Jairo Souza Albino", "texto_original": "http://sapl.manfrinopolis.pr.leg.br/media/sapl/public/materialegislativa/2019/690/indicacao_no_032-_recuperacao_das_estradas_tamadare_-_jairo.pdf", "ementa": "O Vereador que o presente subscreve, na forma regimental, vem mui respeitosamente \u00e0 presen\u00e7a de Vossa Excel\u00eancia, INDICAR, ao Executivo Municipal, atrav\u00e9s do Setor competente, que tome as provid\u00eancias necess\u00e1rias no sentido de viabilizar e recupera\u00e7\u00e3o com cascalhamento das estradas das Comunidades Tamandar\u00e9 Alto e Tamandar\u00e9 Baixo."}, {"id": "691", "ano": "2019", "numero": "33", "tipo__sigla": "IND", "tipo__descricao": "Indica\u00e7\u00e3o", "autoria": "Jairo Souza Albino", "texto_original": "http://sapl.manfrinopolis.pr.leg.br/media/sapl/public/materialegislativa/2019/691/indicacao_no_033-_reforma_ginasio_santa_terezinha-_jairo.pdf", "ementa": "O Vereador que o presente subscrevena forma regimental, vem mui respeitosamente \u00e0 presen\u00e7a de Vossa Excel\u00eancia, INDICAR, ao Executivo Municipal, atrav\u00e9s do Setor competente, que tome as provid\u00eancias necess\u00e1rias no sentido de viabilizar recurso para  troca do telhado e a reforma do Gin\u00e1sio de Esporte da Comunidade de Santa Terezinha."}, {"id": "692", "ano": "2019", "numero": "34", "tipo__sigla": "IND", "tipo__descricao": "Indica\u00e7\u00e3o", "autoria": "Jairo Souza Albino", "texto_original": "http://sapl.manfrinopolis.pr.leg.br/media/sapl/public/materialegislativa/2019/692/indicacao_no_034-_limpeza_das_laterais_santa_terezinha-_jairo.pdf", "ementa": "O Vereador que o presente subscrevena forma regimental, vem mui respeitosamente \u00e0 presen\u00e7a de Vossa Excel\u00eancia, INDICAR, ao Executivo Municipal, atrav\u00e9s do Setor competente, para que providencie a limpeza das laterais (acostamento) do cal\u00e7amento da Comunidade de Santa Terezinha."}, {"id": "693", "ano": "2019", "numero": "35", "tipo__sigla": "IND", "tipo__descricao": "Indica\u00e7\u00e3o", "autoria": "Jairo Souza Albino", "texto_original": "http://sapl.manfrinopolis.pr.leg.br/media/sapl/public/materialegislativa/2019/693/indicacao_no_035-_conclusao_calcamento_santa_terezinha_-_jairo.pdf", "ementa": "O Vereador que o presente subscreve, na forma regimental, vem mui respeitosamente \u00e0 presen\u00e7a de Vossa Excel\u00eancia, INDICAR, ao Executivo Municipal, atrav\u00e9s do Setor competente, que tome as provid\u00eancias necess\u00e1rias no sentido de viabilizar recurso, mostrando a necessidade de proceder \u00e0 conclus\u00e3o do cal\u00e7amento da Comunidade Santa Terezinha ate a Comunidade do Plantaltinho  ."}, {"id": "694", "ano": "2019", "numero": "36", "tipo__sigla": "IND", "tipo__descricao": "Indica\u00e7\u00e3o", "autoria": "Adelar de Oliveira", "texto_original": "http://sapl.manfrinopolis.pr.leg.br/media/sapl/public/materialegislativa/2019/694/indicacao_no_036-_construcao_cobertura_campo_eca_de_queiros-_adelar.pdf", "ementa": "O Vereador que o presente subscreve, na forma regimental, vem mui respeitosamente \u00e0 presen\u00e7a de Vossa Excel\u00eancia, INDICAR, ao Executivo Municipal, atrav\u00e9s do Setor competente, que tome as provid\u00eancias necess\u00e1rias no sentido de viabilizar recurso, para constru\u00e7\u00e3o de uma cobertura no campo da Escola Municipal E\u00e7a de Queiros."}, {"id": "695", "ano": "2019", "numero": "37", "tipo__sigla": "IND", "tipo__descricao": "Indica\u00e7\u00e3o", "autoria": "Adelar de Oliveira", "texto_original": "http://sapl.manfrinopolis.pr.leg.br/media/sapl/public/materialegislativa/2019/695/indicacao_no_037-_construcao_ponto_de_onibus-_adelar.pdf", "ementa": "O Vereador que o presente subscreve, na forma regimental, vem mui respeitosamente \u00e0 presen\u00e7a de Vossa Excel\u00eancia, INDICAR, ao Executivo Municipal, atrav\u00e9s do Setor competente, que tome as provid\u00eancias necess\u00e1rias no sentido de viabilizar recurso, para constru\u00e7\u00e3o de abrigos  nos pontos de \u00f4nibus nos locais de embarque e desembarque dos alunos que utilizam do transporte Escolar municipal."}, {"id": "696", "ano": "2019", "numero": "38", "tipo__sigla": "IND", "tipo__descricao": "Indica\u00e7\u00e3o", "autoria": "Manoel Vanderlei Lopes", "texto_original": "http://sapl.manfrinopolis.pr.leg.br/media/sapl/public/materialegislativa/2019/696/indicacao_no_038-_recuperacao_das_estradas_alto_sao_joao_-vande.pdf", "ementa": "O Vereador que o presente subscreve, na forma regimental, vem mui respeitosamente \u00e0 presen\u00e7a de Vossa Excel\u00eancia, INDICAR, ao Executivo Municipal, atrav\u00e9s do Setor competente, no sentido de viabilizar recurso, para recupera\u00e7\u00e3o e cascalhamento das estradas da Linha Alto S\u00e3o Jo\u00e3o, pr\u00f3ximo a propriedade do senhor Alcides dos Santos e demais moradores."}, {"id": "697", "ano": "2019", "numero": "39", "tipo__sigla": "IND", "tipo__descricao": "Indica\u00e7\u00e3o", "autoria": "Manoel Vanderlei Lopes", "texto_original": "http://sapl.manfrinopolis.pr.leg.br/media/sapl/public/materialegislativa/2019/697/indicacao_no_039-_recuperacao_das_estradas_tancredo_-vande.pdf", "ementa": "O Vereador que o presente subscreve, na forma regimental, vem mui respeitosamente \u00e0 presen\u00e7a de Vossa Excel\u00eancia, INDICAR, ao Executivo Municipal, atrav\u00e9s do Setor competente, no sentido de viabilizar recurso, para recupera\u00e7\u00e3o e cascalhamento das estradas da Linha Tancredo Benghi."}, {"id": "698", "ano": "2019", "numero": "40", "tipo__sigla": "IND", "tipo__descricao": "Indica\u00e7\u00e3o", "autoria": "Manoel Vanderlei Lopes", "texto_original": "http://sapl.manfrinopolis.pr.leg.br/media/sapl/public/materialegislativa/2019/698/indicacao_no_040-_substituicao_de_tubos_sao_joao-_vande.pdf", "ementa": "O Vereador que o presente subscreve, na forma regimental, vem mui respeitosamente \u00e0 presen\u00e7a de Vossa Excel\u00eancia, INDICAR, ao Executivo Municipal, atrav\u00e9s do Setor competente, que tome as provid\u00eancias necess\u00e1rias no sentido de viabilizar recurso para que seja feita a substitui\u00e7\u00e3o da tubula\u00e7\u00e3o j\u00e1 existente, por tubula\u00e7\u00e3o de maior di\u00e2metro na comunidade Linha S\u00e3o Jo\u00e3o, pr\u00f3ximo as propriedades dos senhores Jaime Blasio e Leumar Greffe."}, {"id": "699", "ano": "2019", "numero": "41", "tipo__sigla": "IND", "tipo__descricao": "Indica\u00e7\u00e3o", "autoria": "Manoel Vanderlei Lopes", "texto_original": "http://sapl.manfrinopolis.pr.leg.br/media/sapl/public/materialegislativa/2019/699/indicacao_no_041_-iluminacao_campo__alto_sao_joao-_vande.pdf", "ementa": "O Vereador que o presente subscreve, na forma regimental, vem mui respeitosamente \u00e0 presen\u00e7a de Vossa Excel\u00eancia, INDICAR, ao Executivo Municipal, atrav\u00e9s do Setor competente, no sentido de viabilizar recurso,  para instala\u00e7\u00e3o de refletores no campo de futebol localizado na comunidade Linha Alto S\u00e3o Jo\u00e3o."}, {"id": "700", "ano": "2019", "numero": "42", "tipo__sigla": "IND", "tipo__descricao": "Indica\u00e7\u00e3o", "autoria": "Manoel Vanderlei Lopes", "texto_original": "http://sapl.manfrinopolis.pr.leg.br/media/sapl/public/materialegislativa/2019/700/indicacao_no_042-construcao_de_um_campo-_vande.pdf", "ementa": "O Vereador que o presente subscreve, na forma regimental, vem mui respeitosamente \u00e0 presen\u00e7a de Vossa Excel\u00eancia, INDICAR, ao Executivo Municipal, atrav\u00e9s do Setor competente, no sentido de viabilizar recurso, constru\u00e7\u00e3o de um campo de futebol su\u00ed\u00e7o, pr\u00f3ximo a propriedade do senhor D\u00e9cio na Comunidade Savanhago."}, {"id": "701", "ano": "2019", "numero": "43", "tipo__sigla": "IND", "tipo__descricao": "Indica\u00e7\u00e3o", "autoria": "Ademir da Rosa", "texto_original": "http://sapl.manfrinopolis.pr.leg.br/media/sapl/public/materialegislativa/2019/701/indicacao_no_043-_aquisicao_saco_para_coletas_reciclavel-_ademir.pdf", "ementa": "O Vereador que o presente subscreve, na forma regimental, vem mui respeitosamente \u00e0 presen\u00e7a de Vossa Excel\u00eancia, INDICAR, ao Executivo Municipal, atrav\u00e9s do Setor competente, que tome as provid\u00eancias necess\u00e1rias no sentido de viabilizar recurso, para aquisi\u00e7\u00e3o bolsas para coleta de materiais recicl\u00e1veis."}, {"id": "702", "ano": "2019", "numero": "44", "tipo__sigla": "IND", "tipo__descricao": "Indica\u00e7\u00e3o", "autoria": "Adelar de Oliveira", "texto_original": "http://sapl.manfrinopolis.pr.leg.br/media/sapl/public/materialegislativa/2019/702/indicacao_no_044-_alargamento_das_estradas_aparecida_e__savanhago-_adelar.pdf", "ementa": "O Vereador que o presente subscreve, na forma regimental, vem mui respeitosamente \u00e0 presen\u00e7a de Vossa Excel\u00eancia, INDICAR, ao Executivo Municipal, atrav\u00e9s do Setor competente, para realizar o alargamento das estradas da Comunidade linha Savanhago at\u00e9 a Comunidade Linha Aparecida."}, {"id": "703", "ano": "2019", "numero": "45", "tipo__sigla": "IND", "tipo__descricao": "Indica\u00e7\u00e3o", "autoria": "Adelar de Oliveira", "texto_original": "http://sapl.manfrinopolis.pr.leg.br/media/sapl/public/materialegislativa/2019/703/indicacao_no_045-_recuperacao_das_estradas_aparecida_-adelar.pdf", "ementa": "O Vereador que o presente subscreve, na forma regimental, vem mui respeitosamente \u00e0 presen\u00e7a de Vossa Excel\u00eancia, INDICAR, ao Executivo Municipal, atrav\u00e9s do Setor competente, no sentido de viabilizar recurso, para recupera\u00e7\u00e3o e cascalhamento das estradas da Comunidade Linha Aparecida, pr\u00f3ximo a propriedade do senhor Adolfo Britto, abrir  a estrada de  acesso  a propriedade do senhor  Edemar de Britto ."}, {"id": "704", "ano": "2019", "numero": "46", "tipo__sigla": "IND", "tipo__descricao": "Indica\u00e7\u00e3o", "autoria": "Jairo Souza Albino", "texto_original": "http://sapl.manfrinopolis.pr.leg.br/media/sapl/public/materialegislativa/2019/704/indicacao_no_046-_recuperacao_das_estradas-_jairo.pdf", "ementa": "O Vereador que o presente subscreve, na forma regimental, vem mui respeitosamente \u00e0 presen\u00e7a de Vossa Excel\u00eancia, INDICAR, ao Executivo Municipal, atrav\u00e9s do Setor competente, que tome as provid\u00eancias necess\u00e1rias no sentido de viabilizar recurso substitui\u00e7\u00e3o da tubula\u00e7\u00e3o j\u00e1 existente, por tubula\u00e7\u00e3o de maior di\u00e2metro , pr\u00f3ximo a propriedade do senhor  Valdo de Lima  e a recupera\u00e7\u00e3o com cascalhamento das estradas da Linha Tr\u00eas de Maio , pr\u00f3ximo a propriedade do senhor Pedro Viccari e demais moradores"}, {"id": "705", "ano": "2019", "numero": "47", "tipo__sigla": "IND", "tipo__descricao": "Indica\u00e7\u00e3o", "autoria": "Manoel Vanderlei Lopes", "texto_original": "http://sapl.manfrinopolis.pr.leg.br/media/sapl/public/materialegislativa/2019/705/indicacao_no_047-_recuperacao_das_estradas_gleba_-vande.pdf", "ementa": "O Vereador que o presente subscreve, na forma regimental, vem mui respeitosamente \u00e0 presen\u00e7a de Vossa Excel\u00eancia, INDICAR, ao Executivo Municipal, atrav\u00e9s do Setor competente, no sentido de viabilizar recurso, para recupera\u00e7\u00e3o e cascalhamento das estradas da Comunidade Linha Gleba dos Morros, pr\u00f3ximo a propriedade do senhor Orlando Gon\u00e7alves dos Santos."}, {"id": "706", "ano": "2019", "numero": "48", "tipo__sigla": "IND", "tipo__descricao": "Indica\u00e7\u00e3o", "autoria": "Ademir da Rosa", "texto_original": "http://sapl.manfrinopolis.pr.leg.br/media/sapl/public/materialegislativa/2019/706/indicacao_no_048-_curso_tratorista_-_ademir.pdf", "ementa": "O Vereador que o presente subscreve, na forma regimental, vem mui respeitosamente \u00e0 presen\u00e7a de Vossa Excel\u00eancia, INDICAR, ao Executivo Municipal, atrav\u00e9s do Setor competente, que tome as provid\u00eancias necess\u00e1rias afim de realizar curso e treinamento de tratorista. O curso visa formar e qualificar tecnicamente agricultores e servidores p\u00fablicos para a opera\u00e7\u00e3o e manuten\u00e7\u00e3o preventiva de m\u00e1quinas e implementos agr\u00edcolas, com qualidade e seguran\u00e7a."}, {"id": "707", "ano": "2019", "numero": "49", "tipo__sigla": "IND", "tipo__descricao": "Indica\u00e7\u00e3o", "autoria": "Manoel Vanderlei Lopes", "texto_original": "http://sapl.manfrinopolis.pr.leg.br/media/sapl/public/materialegislativa/2019/707/indicacao_no_049-_substituicao_de_tubos_santo_antonio-_vande.pdf", "ementa": "O Vereador que o presente subscreve, na forma regimental, vem mui respeitosamente \u00e0 presen\u00e7a de Vossa Excel\u00eancia, INDICAR, ao Executivo Municipal, atrav\u00e9s do Setor competente, que tome as provid\u00eancias necess\u00e1rias no sentido de viabilizar recurso para que seja feita a substitui\u00e7\u00e3o da tubula\u00e7\u00e3o j\u00e1 existente, por tubula\u00e7\u00e3o de maior di\u00e2metro na comunidade Linha Santo Ant\u00f4nio, pr\u00f3ximo a propriedade do senhor Pedro Schell."}, {"id": "708", "ano": "2019", "numero": "50", "tipo__sigla": "IND", "tipo__descricao": "Indica\u00e7\u00e3o", "autoria": "Manoel Vanderlei Lopes", "texto_original": "http://sapl.manfrinopolis.pr.leg.br/media/sapl/public/materialegislativa/2019/708/indicacao_no_050-_recuperacao_das_estradas_canarinho_-vande_-.pdf", "ementa": "O Vereador que o presente subscreve, na forma regimental, vem mui respeitosamente \u00e0 presen\u00e7a de Vossa Excel\u00eancia, INDICAR, ao Executivo Municipal, atrav\u00e9s do Setor competente, no sentido de viabilizar recurso, para recupera\u00e7\u00e3o e cascalhamento das estradas da Comunidade Linha Canarinho, pr\u00f3ximo as propriedades da senhora Rosa Minatti, Jocie da Silva e demais moradores."}, {"id": "709", "ano": "2019", "numero": "51", "tipo__sigla": "IND", "tipo__descricao": "Indica\u00e7\u00e3o", "autoria": "Manoel Vanderlei Lopes", "texto_original": "http://sapl.manfrinopolis.pr.leg.br/media/sapl/public/materialegislativa/2019/709/indicacao_no_051-_redutor_de_velocidade_sao_joao-_vande.pdf", "ementa": "O Vereador que o presente subscreve, na forma regimental, vem mui respeitosamente \u00e0 presen\u00e7a de Vossa Excel\u00eancia, INDICAR, ao Executivo Municipal, atrav\u00e9s do Setor competente, que tome as provid\u00eancias necess\u00e1rias no sentido de viabilizar recurso, para que determine a constru\u00e7\u00e3o de um redutor de velocidade, pr\u00f3ximo a resid\u00eancias do senhor Jos\u00e9 Chorna e o senhor  Laudemir Chorna ( M\u00fcller), na comunidade Linha S\u00e3o Jo\u00e3o."}, {"id": "710", "ano": "2019", "numero": "52", "tipo__sigla": "IND", "tipo__descricao": "Indica\u00e7\u00e3o", "autoria": "Manoel Vanderlei Lopes", "texto_original": "http://sapl.manfrinopolis.pr.leg.br/media/sapl/public/materialegislativa/2019/710/indicacao_no_052-_recuperacao_das_estradas__sao_joao_-vande.pdf", "ementa": "O Vereador que o presente subscreve, na forma regimental, vem mui respeitosamente \u00e0 presen\u00e7a de Vossa Excel\u00eancia, INDICAR, ao Executivo Municipal, atrav\u00e9s do Setor competente, no sentido de viabilizar recurso, para recupera\u00e7\u00e3o e cascalhamento das estradas da Linha S\u00e3o Jo\u00e3o, pr\u00f3ximo as propriedades do senhor Artidor  dos Santos, senhor Leodonio Pires e demais moradores."}, {"id": "711", "ano": "2019", "numero": "53", "tipo__sigla": "IND", "tipo__descricao": "Indica\u00e7\u00e3o", "autoria": "Adelar de Oliveira", "texto_original": "http://sapl.manfrinopolis.pr.leg.br/media/sapl/public/materialegislativa/2019/711/indicacao_no_053-_substituicao_de_tubos_beto_turski-_adelar.pdf", "ementa": "O Vereador que o presente subscreve, na forma regimental, vem mui respeitosamente \u00e0 presen\u00e7a de Vossa Excel\u00eancia, INDICAR, ao Executivo Municipal, atrav\u00e9s do Setor competente, que tome as provid\u00eancias necess\u00e1rias no sentido de viabilizar recurso para que seja feita a substitui\u00e7\u00e3o da tubula\u00e7\u00e3o j\u00e1 existente, por tubula\u00e7\u00e3o de maior di\u00e2metro, pr\u00f3ximo a propriedade do senhor Roberto Turski e pr\u00f3ximo a Capela Nossa Senhora Aparecida."}, {"id": "712", "ano": "2019", "numero": "54", "tipo__sigla": "IND", "tipo__descricao": "Indica\u00e7\u00e3o", "autoria": "Marcos Ant\u00f4nio Francisconi", "texto_original": "http://sapl.manfrinopolis.pr.leg.br/media/sapl/public/materialegislativa/2019/712/indicacao_no_054-_contratacao_medico_pediatra-_marcos.pdf", "ementa": "O Vereador que o presente subscreve, na forma regimental, vem mui respeitosamente \u00e0 presen\u00e7a de Vossa Excel\u00eancia, INDICAR, cooperando com esta Administra\u00e7\u00e3o, solicita ao Chefe do Poder Executivo Municipal estudo de viabilidade para a\r\ncontrata\u00e7\u00e3o de um m\u00e9dico pediatra para estar atendendo na unidade de sa\u00fade do munic\u00edpio."}, {"id": "713", "ano": "2019", "numero": "55", "tipo__sigla": "IND", "tipo__descricao": "Indica\u00e7\u00e3o", "autoria": "Taisller Guimar\u00e3es da Silva", "texto_original": "http://sapl.manfrinopolis.pr.leg.br/media/sapl/public/materialegislativa/2019/713/indicacao_no_055-_distribuicao_residuo_asfaltico-_taisller.pdf", "ementa": "O Vereador que o presente subscreve, na forma regimental, vem mui respeitosamente \u00e0 presen\u00e7a de Vossa Excel\u00eancia, INDICAR, cooperando com esta Administra\u00e7\u00e3o, solicita ao Chefe do Poder Executivo Municipal , para que seja realizado a entrega de res\u00edduo asf\u00e1ltico para todos os produtores rurais do nosso munic\u00edpio"}, {"id": "714", "ano": "2019", "numero": "56", "tipo__sigla": "IND", "tipo__descricao": "Indica\u00e7\u00e3o", "autoria": "Tiago Aparecido Thomas", "texto_original": "http://sapl.manfrinopolis.pr.leg.br/media/sapl/public/materialegislativa/2019/714/indicacao_no_056-_construcao_area_de_escape_-_tiago.pdf", "ementa": "O Vereador que o presente subscreve, na forma regimental, vem mui respeitosamente \u00e0 presen\u00e7a de Vossa Excel\u00eancia, INDICAR, ao Executivo Municipal, atrav\u00e9s do Setor competente, que tome as provid\u00eancias necess\u00e1rias no sentido solicitar junto ao DER, a constru\u00e7\u00e3o de duas \u00e1reas de escape na PR182, para que os ve\u00edculos de grande porte possam usar como ref\u00fagio caso o sistema de frenagem pare de funcionar."}, {"id": "715", "ano": "2019", "numero": "57", "tipo__sigla": "IND", "tipo__descricao": "Indica\u00e7\u00e3o", "autoria": "Claudecir Pegoraro, Domingos Alberto Rech, Marcos Ant\u00f4nio Francisconi, Taisller Guimar\u00e3es da Silva, Tiago Aparecido Thomas", "texto_original": "http://sapl.manfrinopolis.pr.leg.br/media/sapl/public/materialegislativa/2019/715/indicacao_no_057-_construcao_de_tubulacao-marcos.pdf", "ementa": "Os Vereadores que o presente subscrevem, na forma regimental, vem mui respeitosamente \u00e0 presen\u00e7a de Vossa Excel\u00eancia, INDICAR, ao Executivo Municipal, atrav\u00e9s do Setor competente, que tome as provid\u00eancias necess\u00e1rias no sentido de viabilizar recurso para constru\u00e7\u00e3o de bueiros na Rua  Setenta e Nove, Bairro S\u00e3o Domingos pr\u00f3ximo as propriedades da senhora Alceni de Fatima da Rosa Batista, senhor M\u00e1rcio Thomas e demais moradores ."}, {"id": "716", "ano": "2019", "numero": "58", "tipo__sigla": "IND", "tipo__descricao": "Indica\u00e7\u00e3o", "autoria": "Altair Panzera", "texto_original": "http://sapl.manfrinopolis.pr.leg.br/media/sapl/public/materialegislativa/2019/716/indicacao_no_058-_cascalhamneto_e_limpeza__bona-_altair.pdf", "ementa": "O Vereador que o presente subscreve, na forma regimental, vem mui respeitosamente \u00e0 presen\u00e7a de Vossa Excel\u00eancia, INDICAR, ao Executivo Municipal, atrav\u00e9s do Setor competente, que tome as provid\u00eancias necess\u00e1rias no sentido de viabilizar recurso, recupera\u00e7\u00e3o e cascalhamento e a limpeza da estrada de acesso a propriedade do senhor Severino de Goes (Dico) e demais moradores."}, {"id": "717", "ano": "2019", "numero": "59", "tipo__sigla": "IND", "tipo__descricao": "Indica\u00e7\u00e3o", "autoria": "Marcos Ant\u00f4nio Francisconi, Taisller Guimar\u00e3es da Silva, Tiago Aparecido Thomas", "texto_original": "http://sapl.manfrinopolis.pr.leg.br/media/sapl/public/materialegislativa/2019/717/indicacao_no_059-_subsidio_agente_de_saude-_marcos.pdf", "ementa": "Os Vereadores que os presente subscrevem, na forma regimental, vem mui respeitosamente \u00e0 presen\u00e7a de Vossa Excel\u00eancia, INDICAR, ao Executivo Municipal, atrav\u00e9s do Setor competente, que tome as provid\u00eancias necess\u00e1rias para subsidiar os custos de locomo\u00e7\u00e3o dos Agentes Comunit\u00e1rios de Sa\u00fade."}, {"id": "718", "ano": "2019", "numero": "60", "tipo__sigla": "IND", "tipo__descricao": "Indica\u00e7\u00e3o", "autoria": "Brizola", "texto_original": "http://sapl.manfrinopolis.pr.leg.br/media/sapl/public/materialegislativa/2019/718/indicacao_no_060-_instalacao_ar-_condicionado-_ildo.pdf", "ementa": "O Vereador que o presente subscreve, na forma regimental, vem mui respeitosamente \u00e0 presen\u00e7a de Vossa Excel\u00eancia, INDICAR, ao Executivo Municipal, atrav\u00e9s do Setor competente, que tome as provid\u00eancias necess\u00e1rias, aquisi\u00e7\u00e3o e instala\u00e7\u00e3o de ares-condicionados na Casa Mortu\u00e1ria Municipal de Manfrin\u00f3polis."}, {"id": "719", "ano": "2019", "numero": "61", "tipo__sigla": "IND", "tipo__descricao": "Indica\u00e7\u00e3o", "autoria": "Claudecir Pegoraro, Marcos Ant\u00f4nio Francisconi", "texto_original": "http://sapl.manfrinopolis.pr.leg.br/media/sapl/public/materialegislativa/2019/719/indicacao_no_061-_recuperacao_das_estradas_linha_terezinha.pdf", "ementa": "Os Vereadores que os presente subscrevem, na forma regimental, vem mui respeitosamente \u00e0 presen\u00e7a de Vossa Excel\u00eancia, INDICAR, ao Executivo Municipal, atrav\u00e9s do Setor competente, no sentido de viabilizar recurso, para recupera\u00e7\u00e3o e cascalhamento da estrada de acesso a propriedade Get\u00falio Duarte, localizada na comunidade Santa Terezinha."}, {"id": "720", "ano": "2019", "numero": "62", "tipo__sigla": "IND", "tipo__descricao": "Indica\u00e7\u00e3o", "autoria": "Claudecir Pegoraro, Marcos Ant\u00f4nio Francisconi", "texto_original": "http://sapl.manfrinopolis.pr.leg.br/media/sapl/public/materialegislativa/2019/720/indicacao_no_062-_substituicao_de_tubos_barra_grande-_marcos.pdf", "ementa": "Os Vereadores que os presente subscrevem, na forma regimental, vem mui respeitosamente \u00e0 presen\u00e7a de Vossa Excel\u00eancia, INDICAR, ao Executivo Municipal, atrav\u00e9s do Setor competente, que tome as provid\u00eancias necess\u00e1rias no sentido de viabilizar recurso para que seja feita a substitui\u00e7\u00e3o da tubula\u00e7\u00e3o j\u00e1 existente, por tubula\u00e7\u00e3o de maior di\u00e2metro na comunidade Sebasti\u00e3o da Bela Vista ( Barra Grande), pr\u00f3ximo a propriedade da senhora Maria de Oliveira."}, {"id": "721", "ano": "2019", "numero": "63", "tipo__sigla": "IND", "tipo__descricao": "Indica\u00e7\u00e3o", "autoria": "Tiago Aparecido Thomas", "texto_original": "http://sapl.manfrinopolis.pr.leg.br/media/sapl/public/materialegislativa/2019/721/indicacao_no_063-_construcao_quadra_esportiva_-_tiago.pdf", "ementa": "O Vereador que o presente subscreve, na forma regimental, vem mui respeitosamente \u00e0 presen\u00e7a de Vossa Excel\u00eancia, INDICAR, ao Executivo Municipal, atrav\u00e9s do Setor competente, que tome as provid\u00eancias necess\u00e1rias no sentido de viabilizar recurso junto ao Governo Federal ou Estadual, pra constru\u00e7\u00e3o de uma quadra society com grama sint\u00e9tica."}, {"id": "722", "ano": "2019", "numero": "64", "tipo__sigla": "IND", "tipo__descricao": "Indica\u00e7\u00e3o", "autoria": "Domingos Alberto Rech", "texto_original": "http://sapl.manfrinopolis.pr.leg.br/media/sapl/public/materialegislativa/2019/722/indicacao_no_064-_retorno_dos_festivais-_domingos.pdf", "ementa": "O Vereador que o presente subscreve, na forma regimental, vem mui respeitosamente \u00e0 presen\u00e7a de Vossa Excel\u00eancia, INDICAR, ao Executivo Municipal, atrav\u00e9s do Setor competente, que tome as provid\u00eancias necess\u00e1rias para retomada dos festivais de m\u00fasica em nosso munic\u00edpio."}, {"id": "723", "ano": "2019", "numero": "65", "tipo__sigla": "IND", "tipo__descricao": "Indica\u00e7\u00e3o", "autoria": "Altair Panzera, Brizola", "texto_original": "http://sapl.manfrinopolis.pr.leg.br/media/", "ementa": "O Vereador que o presente subscreve, na forma regimental, vem mui respeitosamente \u00e0 presen\u00e7a de Vossa Excel\u00eancia, INDICAR, ao Executivo Municipal, atrav\u00e9s do Setor competente, que tome as provid\u00eancias necess\u00e1rias para retomada dos festivais de m\u00fasica em nosso munic\u00edpio."}, {"id": "724", "ano": "2019", "numero": "66", "tipo__sigla": "IND", "tipo__descricao": "Indica\u00e7\u00e3o", "autoria": "Domingos Alberto Rech", "texto_original": "http://sapl.manfrinopolis.pr.leg.br/media/sapl/public/materialegislativa/2019/724/indicacao_no_066-_construcao_tumulos_-domingos.pdf", "ementa": "O Vereador que o presente subscreve, na forma regimental, vem mui respeitosamente \u00e0 presen\u00e7a de Vossa Excel\u00eancia, INDICAR, ao Executivo Municipal, atrav\u00e9s do Setor competente, que tome as provid\u00eancias necess\u00e1rias no sentido de viabilizar recurso, para constru\u00e7\u00e3o de t\u00famulos em gavetas (verticais), nos cemit\u00e9rios da cidade e interior,  com objetivo de beneficiar as fam\u00edlias de baixa renda sem condi\u00e7\u00f5es de arcar com as despesas de constru\u00e7\u00e3o de t\u00famulo."}, {"id": "725", "ano": "2019", "numero": "67", "tipo__sigla": "IND", "tipo__descricao": "Indica\u00e7\u00e3o", "autoria": "Altair Panzera", "texto_original": "http://sapl.manfrinopolis.pr.leg.br/media/sapl/public/materialegislativa/2019/725/indicacao_no_067-_reforma_doa_brinquedos_parque-_altair.pdf", "ementa": "O Vereador que o presente subscreve forma regimental, vem mui respeitosamente \u00e0 presen\u00e7a de Vossa Excel\u00eancia, INDICAR, ao Executivo Municipal, atrav\u00e9s do Setor competente, que tome as provid\u00eancias necess\u00e1rias no sentido de viabilizar recurso para substitui\u00e7\u00e3o da areia e a reforma geral dos brinquedos do parquinho, localizado no Bairro Campo Velho."}, {"id": "726", "ano": "2019", "numero": "68", "tipo__sigla": "IND", "tipo__descricao": "Indica\u00e7\u00e3o", "autoria": "Ademir da Rosa, Brizola", "texto_original": "http://sapl.manfrinopolis.pr.leg.br/media/sapl/public/materialegislativa/2019/726/indicacao_no_068-_concessao_de_uso_gleba_dos_morros-_ademir_e_ildo.pdf", "ementa": "Os Vereadores que o presente subscreve, na forma regimental, vem mui respeitosamente \u00e0 presen\u00e7a de Vossa Excel\u00eancia, INDICAR, ao Executivo Municipal, atrav\u00e9s do Setor competente, para que ap\u00f3s estudo e projeto de viabilidade destine para Associa\u00e7\u00e3o da Santa Luzia, atrav\u00e9s de concess\u00e3o de direito real de uso da carreta agr\u00edcola."}, {"id": "727", "ano": "2019", "numero": "69", "tipo__sigla": "IND", "tipo__descricao": "Indica\u00e7\u00e3o", "autoria": "Ademir da Rosa, Brizola", "texto_original": "http://sapl.manfrinopolis.pr.leg.br/media/sapl/public/materialegislativa/2019/727/indicacao_no_069-_fixacao_de_placas-_ildo_e_ademir.pdf", "ementa": "Os Vereadores que os presente subscrevem, na forma regimental, vem mui respeitosamente \u00e0 presen\u00e7a de Vossa Excel\u00eancia, INDICAR, ao Executivo Municipal, atrav\u00e9s do Setor competente, solicitando-lhe total empenho no intuito de defini\u00e7\u00e3o para fixa\u00e7\u00e3o de placa de sinalizado seis quil\u00f4metros em declive na PR 182, pr\u00f3ximo a fazenda Zancanaro."}, {"id": "728", "ano": "2019", "numero": "70", "tipo__sigla": "IND", "tipo__descricao": "Indica\u00e7\u00e3o", "autoria": "Domingos Alberto Rech", "texto_original": "http://sapl.manfrinopolis.pr.leg.br/media/sapl/public/materialegislativa/2019/728/indicacao_no_070-_construcao_calcamento_e_muro_de_arrimo-_domingos.pdf", "ementa": "O Vereador que o presente subscreve, na forma regimental, vem mui respeitosamente \u00e0 presen\u00e7a de Vossa Excel\u00eancia, INDICAR, ao Executivo Municipal, atrav\u00e9s do Setor competente, que tome as provid\u00eancias necess\u00e1rias no sentido de viabilizar recurso para constru\u00e7\u00e3o de pavimenta\u00e7\u00e3o poli\u00e9drica e muro de arrimo na rua Ernesto Panzera, pr\u00f3ximo a propriedade do senhor Pedro Soster e demais moradores."}, {"id": "729", "ano": "2019", "numero": "71", "tipo__sigla": "IND", "tipo__descricao": "Indica\u00e7\u00e3o", "autoria": "Ademir da Rosa, Altair Panzera, Ant\u00f4nio Pereira, Brizola", "texto_original": "http://sapl.manfrinopolis.pr.leg.br/media/sapl/public/materialegislativa/2019/729/indicacao_no_071-_recapeamento_asfaltico_-_ildo_antonio_ademir_e_altair.pdf", "ementa": "Os Vereadores que os presente subscrevem, na forma regimental, vem mui respeitosamente \u00e0 presen\u00e7a de Vossa Excel\u00eancia, INDICAR, ao Executivo Municipal, atrav\u00e9s do Setor competente, que tome as provid\u00eancias necess\u00e1rias no sentido de viabilizar recurso, recapeamento asf\u00e1ltico no referido trecho da PR \u2013 483 at\u00e9 a comunidade S\u00e3o Sebasti\u00e3o da Bela Vista (Barra Grande)."}, {"id": "730", "ano": "2019", "numero": "72", "tipo__sigla": "IND", "tipo__descricao": "Indica\u00e7\u00e3o", "autoria": "Domingos Alberto Rech", "texto_original": "http://sapl.manfrinopolis.pr.leg.br/media/sapl/public/materialegislativa/2019/730/indicacao_no_072-_instalacao_de_dois_cortornos-autoria_domingos_alberto_rech.pdf", "ementa": "O Vereador que o presente subscreve, na forma regimental, vem mui respeitosamente \u00e0 presen\u00e7a de Vossa Excel\u00eancia, INDICAR, ao Executivo Municipal, atrav\u00e9s do Setor competente para Constru\u00e7\u00e3o de dois contornos na Avenida S\u00e3o Crist\u00f3v\u00e3o, um frente ao posto de combust\u00edvel e outro frente ao Mercado Carniel."}, {"id": "731", "ano": "2019", "numero": "73", "tipo__sigla": "IND", "tipo__descricao": "Indica\u00e7\u00e3o", "autoria": "Claudecir Pegoraro, Marcos Ant\u00f4nio Francisconi", "texto_original": "http://sapl.manfrinopolis.pr.leg.br/media/sapl/public/materialegislativa/2019/731/indicacao_no_073-_sinalizacao_asfaltico_-marcos_e_claudecir.pdf", "ementa": "Os Vereadores que os presente subscrevem, na forma regimental, vem mui respeitosamente \u00e0 presen\u00e7a de Vossa Excel\u00eancia, INDICAR, ao Executivo Municipal, atrav\u00e9s do Setor competente, que tome as provid\u00eancias necess\u00e1rias no sentido de viabilizar recurso para realiza\u00e7\u00e3o demarca\u00e7\u00e3o e pintura das faixas indicativas de sinaliza\u00e7\u00e3o horizontal da vicinal, no referido trecho da PR \u2013 483 at\u00e9 a comunidade S\u00e3o Sebasti\u00e3o da Bela Vista (Barra Grande)."}, {"id": "732", "ano": "2019", "numero": "74", "tipo__sigla": "IND", "tipo__descricao": "Indica\u00e7\u00e3o", "autoria": "Claudecir Pegoraro, Marcos Ant\u00f4nio Francisconi", "texto_original": "http://sapl.manfrinopolis.pr.leg.br/media/sapl/public/materialegislativa/2019/732/indicacao_no_074-_poco_artesiano_linha_freire-_claudecir_e_marcos.pdf", "ementa": "Os Vereadores que os presente subscrevem, na forma regimental, vem mui respeitosamente \u00e0 presen\u00e7a de Vossa Excel\u00eancia, INDICAR, ao Executivo Municipal, atrav\u00e9s do Setor competente, que tome as provid\u00eancias necess\u00e1rias no sentido de viabilizar recurso para que seja feita a perfura\u00e7\u00e3o de um Po\u00e7o Artesiano na comunidade da Linha Freire, assim atendendo as necessidades dos moradores das Comunidades Cabeceira do Barra Grande e Linha Freire."}, {"id": "733", "ano": "2019", "numero": "75", "tipo__sigla": "IND", "tipo__descricao": "Indica\u00e7\u00e3o", "autoria": "Altair Panzera, Domingos Alberto Rech", "texto_original": "http://sapl.manfrinopolis.pr.leg.br/media/sapl/public/materialegislativa/2019/733/indicacao_no_075-_lombadas_ernesto_panzera-_domingos_-.pdf", "ementa": "Os Vereadores que os presente subscrevem, na forma regimental, vem mui respeitosamente \u00e0 presen\u00e7a de Vossa Excel\u00eancia, INDICAR, ao Executivo Municipal, atrav\u00e9s do Setor competente, que tome as provid\u00eancias necess\u00e1rias no sentido de viabilizar recurso, para que determine a constru\u00e7\u00e3o de tr\u00eas redutores de velocidade, sendo um na Rua Ernesto Panzera, local pr\u00f3ximo a Escola Municipal E\u00e7a de Queiros, outro  dois na Rua Ad\u00e9lia Guimar\u00e3es, em local pr\u00f3ximo a resid\u00eancia da senhora  Tereza dos Santos e demais moradores e  outro pr\u00f3ximo Lanchonete Parada do Lanche e demais moradores."}, {"id": "734", "ano": "2019", "numero": "76", "tipo__sigla": "IND", "tipo__descricao": "Indica\u00e7\u00e3o", "autoria": "Marcos Ant\u00f4nio Francisconi, Tiago Aparecido Thomas", "texto_original": "http://sapl.manfrinopolis.pr.leg.br/media/sapl/public/materialegislativa/2019/734/indicacao_no_076-_construcao_de_calcadas_-_marcos_e_tiago.pdf", "ementa": "Os Vereadores que os presente subscrevem, na forma regimental, vem mui respeitosamente \u00e0 presen\u00e7a de Vossa Excel\u00eancia, INDICAR, ao Executivo Municipal, atrav\u00e9s do Setor competente, que tome as provid\u00eancias necess\u00e1rias, solicitando a constru\u00e7\u00e3o de cal\u00e7adas na Rua Valter Francisco Manfrin."}, {"id": "735", "ano": "2019", "numero": "77", "tipo__sigla": "IND", "tipo__descricao": "Indica\u00e7\u00e3o", "autoria": "Domingos Alberto Rech", "texto_original": "http://sapl.manfrinopolis.pr.leg.br/media/sapl/public/materialegislativa/2019/735/indicacao_no_077-_limpeza_bebedouro_barra_grande_domingos.pdf", "ementa": "O Vereador que o presente subscreve forma regimental, vem mui respeitosamente \u00e0 presen\u00e7a de Vossa Excel\u00eancia, INDICAR, ao Executivo Municipal, atrav\u00e9s do Setor competente, para que providencie a limpeza do bebedouro localizado na propriedade do Senhor Gilberto de Oliveira na Comunidade do S\u00e3o Sebasti\u00e3o da Bela Vista (Barra Grande)."}, {"id": "736", "ano": "2019", "numero": "78", "tipo__sigla": "IND", "tipo__descricao": "Indica\u00e7\u00e3o", "autoria": "Altair Panzera", "texto_original": "http://sapl.manfrinopolis.pr.leg.br/media/sapl/public/materialegislativa/2019/736/indicacao_no_078-_limpeza_do_rio_aparecida-_altair.pdf", "ementa": "O Vereador que o presente subscreve forma regimental, vem mui respeitosamente \u00e0 presen\u00e7a de Vossa Excel\u00eancia, INDICAR, ao Executivo Municipal, atrav\u00e9s do Setor competente, mostrando a premente necessidade de providenciar a limpeza das margens do Rio Aparecida, neste munic\u00edpio."}, {"id": "737", "ano": "2019", "numero": "79", "tipo__sigla": "IND", "tipo__descricao": "Indica\u00e7\u00e3o", "autoria": "Claudecir Pegoraro, Marcos Ant\u00f4nio Francisconi", "texto_original": "http://sapl.manfrinopolis.pr.leg.br/media/sapl/public/materialegislativa/2019/737/indicacao_no_079-_recuperacao_da_estrada_rio_tunal-_claudecir_e_marcos.pdf", "ementa": "Os Vereadores que os presente subscrevem, na forma regimental, vem mui respeitosamente \u00e0 presen\u00e7a de Vossa Excel\u00eancia, INDICAR, ao Executivo Municipal, solicitando o que tomem as provid\u00eancias necess\u00e1rias no sentido de viabilizar recurso, para recupera\u00e7\u00e3o e cascalhamento das estradas Comunidade Linha Rio Tunal, priorizando a estrada da propriedade do senhor Luiz Carlos Ries."}, {"id": "738", "ano": "2019", "numero": "80", "tipo__sigla": "IND", "tipo__descricao": "Indica\u00e7\u00e3o", "autoria": "Brizola", "texto_original": "http://sapl.manfrinopolis.pr.leg.br/media/sapl/public/materialegislativa/2019/738/indicacao_no_080-_usar_o_caminhao_leiao-_ildo.pdf", "ementa": "O Vereador que o presente subscreve, na forma regimental, vem mui respeitosamente \u00e0 presen\u00e7a de Vossa Excel\u00eancia, INDICAR, ao Executivo Municipal, atrav\u00e9s do Setor competente, para colocar disposi\u00e7\u00e3o da popula\u00e7\u00e3o de Manfrin\u00f3polis, o caminh\u00e3o Ford F 14000 HD e o tanque Tecnofrio 2012, para que realize a  distribui\u00e7\u00e3o de \u00e1gua nas propriedades que est\u00e3o sofrendo com a estiagem dos \u00faltimos meses."}, {"id": "739", "ano": "2019", "numero": "81", "tipo__sigla": "IND", "tipo__descricao": "Indica\u00e7\u00e3o", "autoria": "Domingos Alberto Rech, Tiago Aparecido Thomas", "texto_original": "http://sapl.manfrinopolis.pr.leg.br/media/sapl/public/materialegislativa/2019/739/indicacao_no_081-_construcao__e_muro_de_arrimo-_domingos.pdf", "ementa": "Os Vereadores que os presente subscrevem, na forma regimental, vem mui respeitosamente \u00e0 presen\u00e7a de Vossa Excel\u00eancia, INDICAR, ao Executivo Municipal, atrav\u00e9s do Setor competente, que tome as provid\u00eancias necess\u00e1rias no sentido de viabilizar recurso para constru\u00e7\u00e3o de muro de conten\u00e7\u00e3o no rio Aparecida, pr\u00f3ximo a propriedade do senhor Evaldo Thomas e demais moradores."}, {"id": "740", "ano": "2019", "numero": "82", "tipo__sigla": "IND", "tipo__descricao": "Indica\u00e7\u00e3o", "autoria": "Domingos Alberto Rech, Tiago Aparecido Thomas", "texto_original": "http://sapl.manfrinopolis.pr.leg.br/media/sapl/public/materialegislativa/2019/740/indicacao_no_082-_curso_mecanica_e_eletricista_tiago_e_domingos.pdf", "ementa": "Os Vereadores que os presente subscrevem, na forma regimental, vem mui respeitosamente \u00e0 presen\u00e7a de Vossa Excel\u00eancia, INDICAR, ao Executivo Municipal, atrav\u00e9s do Setor competente, para que realize parceria com empresa de cursos profissionalizantes, para oferecer para nossa popula\u00e7\u00e3o, cursos de eletricista e mec\u00e2nica."}, {"id": "741", "ano": "2019", "numero": "83", "tipo__sigla": "IND", "tipo__descricao": "Indica\u00e7\u00e3o", "autoria": "Brizola", "texto_original": "http://sapl.manfrinopolis.pr.leg.br/media/sapl/public/materialegislativa/2019/741/indicacao_no_083-_numeracao_das_casas-_ildo.pdf", "ementa": "O Vereador que o presente subscreve, na forma regimental, vem mui respeitosamente \u00e0 presen\u00e7a de Vossa Excel\u00eancia, INDICAR, ao Executivo Municipal, solicitando o que tomem as provid\u00eancias para regulamentar a numera\u00e7\u00e3o das casas, terrenos, empresas e escrit\u00f3rios localizados no per\u00edmetro urbano do munic\u00edpio"}, {"id": "742", "ano": "2019", "numero": "84", "tipo__sigla": "IND", "tipo__descricao": "Indica\u00e7\u00e3o", "autoria": "Claudecir Pegoraro, Marcos Ant\u00f4nio Francisconi", "texto_original": "http://sapl.manfrinopolis.pr.leg.br/media/sapl/public/materialegislativa/2019/742/indicacao_no_084-__conclusao_de_calcamento-_claudecir_e_marcos.pdf", "ementa": "Os Vereadores que os presente subscrevem, na forma regimental, vem mui respeitosamente \u00e0 presen\u00e7a de Vossa Excel\u00eancia, INDICAR, ao Executivo Municipal, atrav\u00e9s do Setor competente, que tome as provid\u00eancias necess\u00e1rias no sentido de viabilizar recurso, mostrando a necessidade de construir um abrigo  no ponto de \u00f4nibus e  concluir o cal\u00e7amento na Linha Tr\u00eas de Maio, local pr\u00f3ximo a Igreja Congrega\u00e7\u00e3o Crist\u00e3o do Brasil at\u00e9  propriedade do Senhor Jos\u00e9 Tavares de Lima."}, {"id": "743", "ano": "2019", "numero": "85", "tipo__sigla": "IND", "tipo__descricao": "Indica\u00e7\u00e3o", "autoria": "Domingos Alberto Rech", "texto_original": "http://sapl.manfrinopolis.pr.leg.br/media/sapl/public/materialegislativa/2019/743/indicacao_no_085-_construcao_passarela-_domingos.pdf", "ementa": "O Vereador que o presente subscreve, na forma regimental, vem mui respeitosamente \u00e0 presen\u00e7a de Vossa Excel\u00eancia, INDICAR, ao Executivo Municipal, atrav\u00e9s do Setor competente, que tome as provid\u00eancias necess\u00e1rias no sentido de viabilizar recurso para constru\u00e7\u00e3o de uma passarela suspensa sobre o Rio Encantilado, no Bairro S\u00e3o Domingos final Rua Nove."}, {"id": "744", "ano": "2019", "numero": "86", "tipo__sigla": "IND", "tipo__descricao": "Indica\u00e7\u00e3o", "autoria": "Tiago Aparecido Thomas", "texto_original": "http://sapl.manfrinopolis.pr.leg.br/media/sapl/public/materialegislativa/2019/744/indicacao_no_086-_atualizacao_planos_cargos-tiago.pdf", "ementa": "Vereador que o presente subscreve, na forma regimental, vem mui respeitosamente \u00e0 presen\u00e7a de Vossa Excel\u00eancia, INDICAR, ao Executivo Municipal, atrav\u00e9s do Setor competente, que tome as provid\u00eancias necess\u00e1rias, solicitando a atualiza\u00e7\u00e3o dos planos de cargos e sal\u00e1rios e a revis\u00e3o dos vencimentos b\u00e1sicos de todos os servidores p\u00fablicos municipais. Tendo em vista a m\u00e9dia salarial regional e os pisos salariais dos profissionais do Brasil, a fim de comunicar que as leis n\u00ba529/2014, n\u00ba 0565/2015, n\u00ba 0598/2016, n\u00ba 0654/2017 e n\u00ba 0648/2017, referente ao Quadro \u00danico dos Servidores,  est\u00e3o dispon\u00edvel no Portal da Transpar\u00eancia e seu acesso \u00e9 atrav\u00e9s do link: http://www.manfrinopolis.pr.leg.br/transparencia/atos/leis."}, {"id": "745", "ano": "2019", "numero": "87", "tipo__sigla": "IND", "tipo__descricao": "Indica\u00e7\u00e3o", "autoria": "Claudecir Pegoraro, Domingos Alberto Rech, Marcos Ant\u00f4nio Francisconi", "texto_original": "http://sapl.manfrinopolis.pr.leg.br/media/sapl/public/materialegislativa/2019/745/indicacao_no_087-_construcao_calcamento__claudecir_marcos_e_domingos.pdf", "ementa": "Os Vereadores que os presente subscrevem, na forma regimental, vem mui respeitosamente \u00e0 presen\u00e7a de Vossa Excel\u00eancia, INDICAR, ao Executivo Municipal, atrav\u00e9s do Setor competente, que tome as provid\u00eancias necess\u00e1rias no sentido de viabilizar recurso para constru\u00e7\u00e3o de pavimenta\u00e7\u00e3o poli\u00e9drica na Comunidade S\u00e3o Sebasti\u00e3o da Bela Vista (Barra Grande) at\u00e9 a Comunidade Canarinho."}, {"id": "746", "ano": "2019", "numero": "88", "tipo__sigla": "IND", "tipo__descricao": "Indica\u00e7\u00e3o", "autoria": "Domingos Alberto Rech, Tiago Aparecido Thomas", "texto_original": "http://sapl.manfrinopolis.pr.leg.br/media/sapl/public/materialegislativa/2019/746/indicacao_no_088-_usar_pa_carregadeira-_domingos.pdf", "ementa": "Os Vereadores que os presente subscrevem, na forma regimental, vem mui respeitosamente \u00e0 presen\u00e7a de Vossa Excel\u00eancia, INDICAR, ao Executivo Municipal, atrav\u00e9s do Setor competente, para que disponibilize a P\u00e1 Carregadeira New Holland 12 B 4 x4, para que realize a limpeza bebedouros no interior do munic\u00edpio"}, {"id": "747", "ano": "2019", "numero": "89", "tipo__sigla": "IND", "tipo__descricao": "Indica\u00e7\u00e3o", "autoria": "Ademir da Rosa", "texto_original": "http://sapl.manfrinopolis.pr.leg.br/media/sapl/public/materialegislativa/2019/747/indicacao_no_090-_conclusao_calcamento-_oli.pdf", "ementa": "O Vereador que o presente subscreve, na forma regimental, vem mui respeitosamente \u00e0 presen\u00e7a de Vossa Excel\u00eancia, INDICAR, ao Executivo Municipal, solicitando o que tomem as provid\u00eancias necess\u00e1rias no sentido de viabilizar recurso, para constru\u00e7\u00e3o de bueiros pr\u00f3ximo a propriedade da senhora Ana dos Santos, e recupera\u00e7\u00e3o com cascalhamento das estradas da Linha Santo Ant\u00f4nio pr\u00f3ximo a propriedade dos senhores Jac\u00f3 Zanella e   Osmar Dultra e demais moradores."}, {"id": "748", "ano": "2019", "numero": "90", "tipo__sigla": "IND", "tipo__descricao": "Indica\u00e7\u00e3o", "autoria": "", "texto_original": "http://sapl.manfrinopolis.pr.leg.br/media/sapl/public/materialegislativa/2019/748/indicacao_no_090-_conclusao_calcamento-_oli.pdf", "ementa": "O Vereador que o presente subscreve, na forma regimental, vem mui respeitosamente \u00e0 presen\u00e7a de Vossa Excel\u00eancia, INDICAR, ao Executivo Municipal, atrav\u00e9s do Setor competente, que tome as provid\u00eancias necess\u00e1rias no sentido de viabilizar recurso, mostrando a necessidade de proceder \u00e0 conclus\u00e3o pavimenta\u00e7\u00e3o poli\u00e9drica  da Rua Avelino Alvicio Thomas pr\u00f3ximo a propriedade  do Senhor Adelar Dalle Lastre   ."}, {"id": "749", "ano": "2019", "numero": "91", "tipo__sigla": "IND", "tipo__descricao": "Indica\u00e7\u00e3o", "autoria": "Claudecir Pegoraro, Domingos Alberto Rech, Marcos Ant\u00f4nio Francisconi, Taisller Guimar\u00e3es da Silva, Tiago Aparecido Thomas", "texto_original": "http://sapl.manfrinopolis.pr.leg.br/media/sapl/public/materialegislativa/2019/749/indicacao_no_091-_academia_santa_luzia__domingos_claudecir.pdf", "ementa": "Os Vereadores que o presente subscrevem, na forma regimental, vem mui respeitosamente \u00e0 presen\u00e7a de Vossa Excel\u00eancia, INDICAR, ao Executivo Municipal, atrav\u00e9s do Setor competente, que tome as provid\u00eancias necess\u00e1rias no sentido de viabilizar recursos junto ao Governo Federal ou Estadual, para aquisi\u00e7\u00e3o de uma academia ao ar livre, a ser implantada na  Comunidade da Linha  Santa Luzia."}, {"id": "750", "ano": "2019", "numero": "92", "tipo__sigla": "IND", "tipo__descricao": "Indica\u00e7\u00e3o", "autoria": "Domingos Alberto Rech", "texto_original": "http://sapl.manfrinopolis.pr.leg.br/media/sapl/public/materialegislativa/2019/750/indicacao_no_092-_construcao_de_calcadas_sao_domingos-_domingos.pdf", "ementa": "O Vereador que o presente subscreve, na forma regimental, vem mui respeitosamente \u00e0 presen\u00e7a de Vossa Excel\u00eancia, INDICAR, ao Executivo Municipal, atrav\u00e9s do Setor competente, que tome as provid\u00eancias necess\u00e1rias, solicitando a constru\u00e7\u00e3o de cal\u00e7adas no Bairro S\u00e3o Domingos, nas Ruas Cinco, Oito e Nove."}, {"id": "751", "ano": "2019", "numero": "93", "tipo__sigla": "IND", "tipo__descricao": "Indica\u00e7\u00e3o", "autoria": "Jairo Souza Albino", "texto_original": "http://sapl.manfrinopolis.pr.leg.br/media/", "ementa": "O Vereador que o presente subscreve, na forma regimental, vem mui respeitosamente \u00e0 presen\u00e7a de Vossa Excel\u00eancia, INDICAR, ao Executivo Municipal, atrav\u00e9s do Setor competente, que tome as provid\u00eancias necess\u00e1rias, solicitando a constru\u00e7\u00e3o de cal\u00e7adas e muro de arrimo na Rua Adelia Guimar\u00e3es da Silva, pr\u00f3ximo a Lanchonete Parada do Lanche, da Senhora Ines Schissel e demais moradores."}, {"id": "752", "ano": "2019", "numero": "94", "tipo__sigla": "IND", "tipo__descricao": "Indica\u00e7\u00e3o", "autoria": "Paulo Jozias Pereira da Silva", "texto_original": "http://sapl.manfrinopolis.pr.leg.br/media/sapl/public/materialegislativa/2019/752/indicacao_no_094-_disponibilizar_carro_santa_terezinha-_paulo.pdf", "ementa": "O Vereador que o presente subscreve, na forma regimental, vem mui respeitosamente \u00e0 presen\u00e7a de Vossa Excel\u00eancia, INDICAR, ao Executivo Municipal, atrav\u00e9s do Setor competente, fazer a substitui\u00e7\u00e3o do carro tipo Corsa lotado na Secretaria de Sa\u00fade, por um carro tipo Camionete Picape Mitsubishi L 200 para atender as demandas da comunidade Santa Terezinha"}, {"id": "753", "ano": "2019", "numero": "95", "tipo__sigla": "IND", "tipo__descricao": "Indica\u00e7\u00e3o", "autoria": "Tiago Aparecido Thomas", "texto_original": "http://sapl.manfrinopolis.pr.leg.br/media/sapl/public/materialegislativa/2019/753/indicacao_no_095-_construcao_de_um_abatedouro_municipal-_tiago.pdf", "ementa": "O Vereador que o presente subscreve, na forma regimental, vem mui respeitosamente \u00e0 presen\u00e7a de Vossa Excel\u00eancia, INDICAR, ao Executivo Municipal, atrav\u00e9s do Setor competente, que tome as provid\u00eancias necess\u00e1rias, solicitando a constru\u00e7\u00e3o de um Abatedouro Municipal."}, {"id": "754", "ano": "2019", "numero": "96", "tipo__sigla": "IND", "tipo__descricao": "Indica\u00e7\u00e3o", "autoria": "Domingos Alberto Rech", "texto_original": "http://sapl.manfrinopolis.pr.leg.br/media/sapl/public/materialegislativa/2019/754/indicacao_no_096-_construcao_de_calcadas_e_calcamento-_domingos_alberto.pdf", "ementa": "O Vereador que o presente subscreve, na forma regimental, vem mui respeitosamente \u00e0 presen\u00e7a de Vossa Excel\u00eancia, INDICAR, ao Executivo Municipal, atrav\u00e9s do Setor competente, que tome as provid\u00eancias necess\u00e1rias, solicitando a constru\u00e7\u00e3o de pavimenta\u00e7\u00e3o poli\u00e9drica e cal\u00e7adas na Rua Ernesto Panzera pr\u00f3ximo a propriedade do Senhor Valdery Quadros e demais moradores"}, {"id": "755", "ano": "2019", "numero": "97", "tipo__sigla": "IND", "tipo__descricao": "Indica\u00e7\u00e3o", "autoria": "Ant\u00f4nio Pereira", "texto_original": "http://sapl.manfrinopolis.pr.leg.br/media/sapl/public/materialegislativa/2019/755/indicacao_no_097-_reforma_da_cabeceira_linha_roncador-_antonio.pdf", "ementa": "O Vereador que o presente subscreve, na forma regimental, vem mui respeitosamente \u00e0 presen\u00e7a de Vossa Excel\u00eancia, INDICAR, ao Executivo Municipal, atrav\u00e9s do Setor competente, que tome as provid\u00eancias necess\u00e1rias, solicitando a reforma da cabeceira da ponte, localizada na entrada da Comunidade Linha Roncador."}, {"id": "756", "ano": "2019", "numero": "98", "tipo__sigla": "IND", "tipo__descricao": "Indica\u00e7\u00e3o", "autoria": "Claudecir Pegoraro, Marcos Ant\u00f4nio Francisconi", "texto_original": "http://sapl.manfrinopolis.pr.leg.br/media/sapl/public/materialegislativa/2019/756/indicacao_no_099-_colocacao_de__insulfilm-marcos_e_claudecir.pdf", "ementa": "Os Vereadores que os presente subscrevem, na forma regimental, vem mui respeitosamente \u00e0 presen\u00e7a de Vossa Excel\u00eancia, INDICAR, ao Executivo Municipal, atrav\u00e9s do Setor competente, que tome as provid\u00eancias necess\u00e1rias para Contrata\u00e7\u00e3o de Seguro para frota escolar e os ve\u00edculos da sa\u00fade."}, {"id": "757", "ano": "2019", "numero": "99", "tipo__sigla": "IND", "tipo__descricao": "Indica\u00e7\u00e3o", "autoria": "Claudecir Pegoraro, Marcos Ant\u00f4nio Francisconi", "texto_original": "http://sapl.manfrinopolis.pr.leg.br/media/sapl/public/materialegislativa/2019/757/indicacao_no_099-_colocacao_de__insulfilm-marcos_e_claudecir.pdf", "ementa": "Os Vereadores que os presente subscrevem, na forma regimental, vem mui respeitosamente \u00e0 presen\u00e7a de Vossa Excel\u00eancia, INDICAR, ao Executivo Municipal, atrav\u00e9s do Setor competente, que tome as provid\u00eancias necess\u00e1rias para coloca\u00e7\u00e3o de isulfime ou cortinas em toda frota de \u00f4nibus do munic\u00edpio."}, {"id": "758", "ano": "2019", "numero": "100", "tipo__sigla": "IND", "tipo__descricao": "Indica\u00e7\u00e3o", "autoria": "Domingos Alberto Rech", "texto_original": "http://sapl.manfrinopolis.pr.leg.br/media/sapl/public/materialegislativa/2019/758/indicacao_no_100-_pavimentacao__asfaltico_-_domingos.pdf", "ementa": "O Vereador que o presente subscreve, na forma regimental, vem mui respeitosamente \u00e0 presen\u00e7a de Vossa Excel\u00eancia, INDICAR, ao Executivo Municipal, atrav\u00e9s do Setor competente, que tome as provid\u00eancias necess\u00e1rias no sentido de viabilizar recursos para pavimenta\u00e7\u00e3o asf\u00e1ltica na PR- 182 (sa\u00edda pra Comunidade Linha S\u00e3o Jorge) at\u00e9 ao p\u00e1tio de m\u00e1quinas da prefeitura."}, {"id": "759", "ano": "2019", "numero": "101", "tipo__sigla": "IND", "tipo__descricao": "Indica\u00e7\u00e3o", "autoria": "Claudecir Pegoraro, Marcos Ant\u00f4nio Francisconi", "texto_original": "http://sapl.manfrinopolis.pr.leg.br/media/sapl/public/materialegislativa/2019/759/indicacao_no_101-_contratacao_de_seguro-marcos_e_claudecir.pdf", "ementa": "Os Vereadores que o presente subscreve, na forma regimental, vem mui respeitosamente \u00e0 presen\u00e7a de Vossa Excel\u00eancia, INDICAR, ao Executivo Municipal, atrav\u00e9s do Setor competente, que tome as provid\u00eancias necess\u00e1rias para Contrata\u00e7\u00e3o de Seguro para os bens patrimoniais im\u00f3veis do munic\u00edpio."}, {"id": "760", "ano": "2019", "numero": "102", "tipo__sigla": "IND", "tipo__descricao": "Indica\u00e7\u00e3o", "autoria": "Domingos Alberto Rech, Tiago Aparecido Thomas", "texto_original": "http://sapl.manfrinopolis.pr.leg.br/media/sapl/public/materialegislativa/2019/760/indicacao_no_102-_construcao_de_calcamento-_domingos_alberto.pdf", "ementa": "O Vereador que o presente subscreve, na forma regimental, vem mui respeitosamente \u00e0 presen\u00e7a de Vossa Excel\u00eancia, INDICAR, ao Executivo Municipal, atrav\u00e9s do Setor competente, que tome as provid\u00eancias necess\u00e1rias, solicitando a constru\u00e7\u00e3o de pavimenta\u00e7\u00e3o poli\u00e9drica na Rua Seis pr\u00f3ximo as propriedades da Senhora Lucia Justimiano , Senhor Nelson Cordeiro e demais moradores"}, {"id": "761", "ano": "2019", "numero": "103", "tipo__sigla": "IND", "tipo__descricao": "Indica\u00e7\u00e3o", "autoria": "Domingos Alberto Rech, Taisller Guimar\u00e3es da Silva, Tiago Aparecido Thomas", "texto_original": "http://sapl.manfrinopolis.pr.leg.br/media/sapl/public/materialegislativa/2019/761/indicacao_no103-_orientacao_para_motorista-_domingos_taisller_e_tiago.pdf", "ementa": "Os Vereadores que os presente subscrevem, na forma regimental, vem mui respeitosamente \u00e0 presen\u00e7a de Vossa Excel\u00eancia, INDICAR, ao Executivo Municipal, atrav\u00e9s do Setor competente, que tome as provid\u00eancias necess\u00e1rias no sentido de orientar os motoristas da educa\u00e7\u00e3o, para que estacionem os \u00f4nibus em um s\u00f3 lado da rua, visando a trafegabilidade de outros ve\u00edculos."}, {"id": "762", "ano": "2019", "numero": "104", "tipo__sigla": "IND", "tipo__descricao": "Indica\u00e7\u00e3o", "autoria": "Domingos Alberto Rech, Taisller Guimar\u00e3es da Silva, Tiago Aparecido Thomas", "texto_original": "http://sapl.manfrinopolis.pr.leg.br/media/sapl/public/materialegislativa/2019/762/indicacao_no104-_guardar_os_cxarros_na_garagem-_domingos_taisller_e_tiago.pdf", "ementa": "Os Vereadores que os presente subscrevem, na forma regimental, vem mui respeitosamente \u00e0 presen\u00e7a de Vossa Excel\u00eancia, INDICAR, ao Executivo Municipal, atrav\u00e9s do Setor competente, que tome as provid\u00eancias necess\u00e1rias para que todos os carros( excetos os carros de plant\u00e3o)  da prefeitura sejam recolhidos no p\u00e1tio de m\u00e1quinas logo ap\u00f3s expediente."}, {"id": "763", "ano": "2019", "numero": "105", "tipo__sigla": "IND", "tipo__descricao": "Indica\u00e7\u00e3o", "autoria": "Brizola", "texto_original": "http://sapl.manfrinopolis.pr.leg.br/media/sapl/public/materialegislativa/2019/763/indicacao_no105-concessao_predio_publico-__ildo.pdf", "ementa": "O Vereador que o presente subscreve, na forma regimental, vem mui respeitosamente \u00e0 presen\u00e7a de Vossa Excel\u00eancia, INDICAR, ao Executivo Municipal, atrav\u00e9s do Setor competente, que tome as provid\u00eancias necess\u00e1rias no sentido de conceder em regime concess\u00e3o de uso o pr\u00e9dio localizado na linha Savanhago para o Senhor Paulo Freire e, para implanta\u00e7\u00e3o de uma f\u00e1brica de embutidos."}, {"id": "765", "ano": "2019", "numero": "106", "tipo__sigla": "IND", "tipo__descricao": "Indica\u00e7\u00e3o", "autoria": "Claudecir Pegoraro, Marcos Ant\u00f4nio Francisconi, Taisller Guimar\u00e3es da Silva", "texto_original": "http://sapl.manfrinopolis.pr.leg.br/media/sapl/public/materialegislativa/2019/765/indicacao_no107-_recuperacao_do_calcamento_da_linha_santa_terezinha_-_marcos.pdf", "ementa": "Os Vereadores que os presente subscrevem, na forma regimental, vem mui respeitosamente \u00e0 presen\u00e7a de Vossa Excel\u00eancia, INDICAR, ao Executivo Municipal, atrav\u00e9s do Setor competente, no sentido de viabilizar recurso, para recupera\u00e7\u00e3o do cal\u00e7amento da Comunidade da Linha Santa Terezinha."}, {"id": "766", "ano": "2019", "numero": "107", "tipo__sigla": "IND", "tipo__descricao": "Indica\u00e7\u00e3o", "autoria": "Brizola", "texto_original": "http://sapl.manfrinopolis.pr.leg.br/media/sapl/public/materialegislativa/2019/766/indicacao_no107-_recuperacao_do_calcamento_da_linha_santa_terezinha_-_marcos.pdf", "ementa": "Os Vereadores que os presente subscrevem, na forma regimental, vem mui respeitosamente \u00e0 presen\u00e7a de Vossa Excel\u00eancia, INDICAR, ao Executivo Municipal, atrav\u00e9s do Setor competente, no sentido de viabilizar recurso, para recupera\u00e7\u00e3o do cal\u00e7amento da Comunidade da Linha Santa Terezinha."}, {"id": "767", "ano": "2019", "numero": "108", "tipo__sigla": "IND", "tipo__descricao": "Indica\u00e7\u00e3o", "autoria": "Brizola", "texto_original": "http://sapl.manfrinopolis.pr.leg.br/media/sapl/public/materialegislativa/2019/767/indicacao_no108-_guardar_os_equipamentos__emaquinas_na_garagem-_ildo.pdf", "ementa": "O Vereador que o presente subscreve, na forma regimental, vem mui respeitosamente \u00e0 presen\u00e7a de Vossa Excel\u00eancia, INDICAR, ao Executivo Municipal, atrav\u00e9s do Setor competente, que tome as provid\u00eancias necess\u00e1rias para que todos os equipamentos agr\u00edcolas e maquinas pesadas, da Secretaria de Agricultura sejam recolhidos em local coberto ap\u00f3s expediente."}, {"id": "768", "ano": "2019", "numero": "109", "tipo__sigla": "IND", "tipo__descricao": "Indica\u00e7\u00e3o", "autoria": "Ant\u00f4nio Pereira", "texto_original": "http://sapl.manfrinopolis.pr.leg.br/media/sapl/public/materialegislativa/2019/768/indicacao_no109-_poco_artesiano_roncador-_antonio.pdf", "ementa": "O Vereador que o presente subscreve, na forma regimental, vem mui respeitosamente \u00e0 presen\u00e7a de Vossa Excel\u00eancia, INDICAR, ao Executivo Municipal, atrav\u00e9s do Setor competente, que tome as provid\u00eancias necess\u00e1rias no sentido de viabilizar recurso para que seja feita a perfura\u00e7\u00e3o de um Po\u00e7o Artesiano na Comunidade da Linha Roncador, assim atendendo as necessidades dos moradores das Comunidades Linha Roncador e Linha Alto S\u00e3o Jo\u00e3o."}, {"id": "769", "ano": "2019", "numero": "110", "tipo__sigla": "IND", "tipo__descricao": "Indica\u00e7\u00e3o", "autoria": "Domingos Alberto Rech, Tiago Aparecido Thomas", "texto_original": "http://sapl.manfrinopolis.pr.leg.br/media/sapl/public/materialegislativa/2019/769/indicacao_no110-_distribuicao_residuo_asfaltico-_domingos_e_tiago.pdf", "ementa": "O Vereador que o presente subscreve, na forma regimental, vem mui respeitosamente \u00e0 presen\u00e7a de Vossa Excel\u00eancia, INDICAR, ao Executivo Municipal, atrav\u00e9s do Setor competente, que tome as provid\u00eancias necess\u00e1rias no sentido de viabilizar recurso, para recupera\u00e7\u00e3o e cascalhamento Rua Avelino Alvicio Thomas pr\u00f3ximo a propriedade do Senhor Adelar Dalle Lastre e demais moradores."}, {"id": "770", "ano": "2019", "numero": "111", "tipo__sigla": "IND", "tipo__descricao": "Indica\u00e7\u00e3o", "autoria": "Brizola", "texto_original": "http://sapl.manfrinopolis.pr.leg.br/media/sapl/public/materialegislativa/2019/770/indicacao_no111-_distribuicao_residuo_asfaltico-_domingos_e_tiago.pdf", "ementa": "O Vereador que o presente subscreve, na forma regimental, vem mui respeitosamente \u00e0 presen\u00e7a de Vossa Excel\u00eancia, INDICAR, ao Executivo Municipal, atrav\u00e9s do Setor competente, que tome as provid\u00eancias necess\u00e1rias no sentido de conceder em regime concess\u00e3o de uso o espa\u00e7o p\u00fablico para implanta\u00e7\u00e3o da Feira do Agricultor, localizado na Avenida S\u00e3o Crist\u00f3v\u00e3o."}, {"id": "771", "ano": "2019", "numero": "112", "tipo__sigla": "IND", "tipo__descricao": "Indica\u00e7\u00e3o", "autoria": "Domingos Alberto Rech", "texto_original": "http://sapl.manfrinopolis.pr.leg.br/media/sapl/public/materialegislativa/2019/771/indicacao_no112-_construcao__banheiro_-_domingos_-_para_mesclagem.pdf", "ementa": "O Vereador que o presente subscreve, na forma regimental, vem mui respeitosamente \u00e0 presen\u00e7a de Vossa Excel\u00eancia, INDICAR, ao Executivo Municipal, e secretaria de A\u00e7\u00e3o Social atrav\u00e9s do Setor competente, que tome as provid\u00eancias necess\u00e1rias no sentido de viabilizar recursos para constru\u00e7\u00e3o de um banheiro na propriedade da senhora Nelcinda Borges localizado na Comunidade da Linha S\u00e3o Jorge."}, {"id": "772", "ano": "2019", "numero": "113", "tipo__sigla": "IND", "tipo__descricao": "Indica\u00e7\u00e3o", "autoria": "Domingos Alberto Rech", "texto_original": "http://sapl.manfrinopolis.pr.leg.br/media/sapl/public/materialegislativa/2019/772/indicacao_no113-recuperacao_cascalhamento-__beto_turski-domingos.pdf", "ementa": "O Vereador que o presente subscreve, na forma regimental, vem mui respeitosamente \u00e0 presen\u00e7a de Vossa Excel\u00eancia, INDICAR, ao Executivo Municipal, atrav\u00e9s do Setor competente, que tome as provid\u00eancias necess\u00e1rias no sentido de viabilizar recurso para recupera\u00e7\u00e3o do cal\u00e7amento  e a substitui\u00e7\u00e3o da tubula\u00e7\u00e3o j\u00e1 existente, por tubula\u00e7\u00e3o de maior di\u00e2metro, pr\u00f3ximo a propriedade do senhor Roberto Turski e demais moradores."}, {"id": "631", "ano": "2019", "numero": "1", "tipo__sigla": "REQ", "tipo__descricao": "Requerimento", "autoria": "Tiago Aparecido Thomas", "texto_original": "http://sapl.manfrinopolis.pr.leg.br/media/sapl/public/materialegislativa/2019/631/requerimento_no_001-_licenca_tiago.pdf", "ementa": "O vereador TIAGO APARECIDO THOMAS infra-assinado, Do partido PSC, com assento nesta Casa de Leis, vem \u00e0 presen\u00e7a de Vossa Excel\u00eancia, em conformidade com os artigo 21 e seguintes do Regimento Interno e artigo 38, inciso III, da Lei Org\u00e2nica do Munic\u00edpio, submeter ao Egr\u00e9gio Plen\u00e1rio o presente REQUERIMENTO DE LICEN\u00c7A, pelo per\u00edodo de trinta dias, a contar do dia 01 de abril de 2019 a 30 de abril de 2019 para tratar, sem remunera\u00e7\u00e3o, de interesse particular."}, {"id": "633", "ano": "2019", "numero": "2", "tipo__sigla": "REQ", "tipo__descricao": "Requerimento", "autoria": "Marcos Ant\u00f4nio Francisconi", "texto_original": "http://sapl.manfrinopolis.pr.leg.br/media/sapl/public/materialegislativa/2019/633/requerimento_no_002-_licenca_marcos.pdf", "ementa": "O vereador MARCOS ANT\u00d4NIO FRANCISCONI infra-assinado, Do partido DEM, com assento nesta Casa de Leis, vem \u00e0 presen\u00e7a de Vossa Excel\u00eancia, em conformidade com os artigo 21 e seguintes do Regimento Interno e artigo 38, inciso III, da Lei Org\u00e2nica do Munic\u00edpio, submeter ao Egr\u00e9gio Plen\u00e1rio o presente REQUERIMENTO DE LICEN\u00c7A, pelo per\u00edodo de trinta dias, a contar do dia 01 de abril de 2019 a 30 de abril de 2019 para tratar, sem remunera\u00e7\u00e3o, de interesse particular."}, {"id": "634", "ano": "2019", "numero": "3", "tipo__sigla": "REQ", "tipo__descricao": "Requerimento", "autoria": "Claudecir Pegoraro", "texto_original": "http://sapl.manfrinopolis.pr.leg.br/media/sapl/public/materialegislativa/2019/634/requerimento_no_003-_licenca_claudecir.pdf", "ementa": "O vereador CLAUDECIR PEGORARO infra-assinado, Do partido PDT, com assento nesta Casa de Leis, vem \u00e0 presen\u00e7a de Vossa Excel\u00eancia, em conformidade com os artigo 21 e seguintes do Regimento Interno e artigo 38, inciso III, da Lei Org\u00e2nica do Munic\u00edpio, submeter ao Egr\u00e9gio Plen\u00e1rio o presente REQUERIMENTO DE LICEN\u00c7A, pelo per\u00edodo de trinta dias, a contar do dia 01 de abril de 2019 a 30 de abril de 2019 para tratar, sem remunera\u00e7\u00e3o, de interesse particular."}, {"id": "636", "ano": "2019", "numero": "4", "tipo__sigla": "REQ", "tipo__descricao": "Requerimento", "autoria": "Ademir da Rosa", "texto_original": "http://sapl.manfrinopolis.pr.leg.br/media/sapl/public/materialegislativa/2019/636/requerimento_no_004-_justificativa_de_falta-ademir.pdf", "ementa": "O Vereador que o presente subscreve, nos termos legais e regimentais, ouvindo o Plen\u00e1rio, solicita \u00e0 mesa Diretora da C\u00e2mara Municipal de Manfrin\u00f3polis, Estado do Paran\u00e1, que tomem as seguintes provid\u00eancias:\r\n Delibere juntamente com o plen\u00e1rio para a justificativa de falta, do Vereador Requerente, por motivo de doen\u00e7a n\u00e3o pode ser fazer presente, \u00e0 Sess\u00e3o Ordin\u00e1ria do dia 18 de mar\u00e7o do corrente ano, com base no Artigo 20 e Par\u00e1grafo \u00danico do Regimento Interno da C\u00e2mara."}, {"id": "637", "ano": "2019", "numero": "5", "tipo__sigla": "REQ", "tipo__descricao": "Requerimento", "autoria": "Taisller Guimar\u00e3es da Silva", "texto_original": "http://sapl.manfrinopolis.pr.leg.br/media/sapl/public/materialegislativa/2019/637/requerimento_no_005-_informacao_reurb-taisller.pdf", "ementa": "O Vereador que o presente subscreve, nos termos legais e regimentais, ouvindo o Plen\u00e1rio, solicita \u00e0 mesa Diretora da C\u00e2mara Municipal de Manfrin\u00f3polis, Estado do Paran\u00e1, que tomem as seguintes provid\u00eancias:\r\nEncaminhe expediente ao Excelent\u00edssimo Senhor Prefeito Municipal Caetano Ilair Alievi, solicitando informa\u00e7\u00e3o referente a implanta\u00e7\u00e3o REURB (Regulariza\u00e7\u00e3o Fundi\u00e1ria Urbana)."}, {"id": "638", "ano": "2019", "numero": "6", "tipo__sigla": "REQ", "tipo__descricao": "Requerimento", "autoria": "Domingos Alberto Rech", "texto_original": "http://sapl.manfrinopolis.pr.leg.br/media/sapl/public/materialegislativa/2019/638/requerimento_no_006-_convocacao_altair_teixeira-_domingos.pdf", "ementa": "Requeiro, conforme capt. do art. 279, do Regimento Interno, que, ouvido o Plen\u00e1rio, se digne adotar as provid\u00eancias necess\u00e1rias \u00e0 Convoca\u00e7\u00e3o do, Sr. Jos\u00e9 Altair Teixeira Diretor do departamento de esportes, para comparecer ao Plen\u00e1rio da C\u00e2mara de Vereadores a fim de fazer a presta\u00e7\u00e3o de contas referente ao ano de 2018."}, {"id": "639", "ano": "2019", "numero": "7", "tipo__sigla": "REQ", "tipo__descricao": "Requerimento", "autoria": "Marcos Ant\u00f4nio Francisconi", "texto_original": "http://sapl.manfrinopolis.pr.leg.br/media/sapl/public/materialegislativa/2019/639/requerimento_no_007-_justificativa_de_falta-_marcos.pdf", "ementa": "O Vereador que o presente subscreve, nos termos legais e regimentais, ouvindo o Plen\u00e1rio, solicita \u00e0 mesa Diretora da C\u00e2mara Municipal de Manfrin\u00f3polis, Estado do Paran\u00e1, que tomem as seguintes provid\u00eancias:\r\nDelibere juntamente com o plen\u00e1rio para a justificativa de falta, do Vereador Requerente, por motivo de falecimento de um familiar n\u00e3o pode ser fazer presente, \u00e0 Sess\u00e3o Ordin\u00e1ria do dia 10 de junho do corrente ano, com base no Artigo 20 e Par\u00e1grafo \u00danico do Regimento Interno da C\u00e2mara."}, {"id": "640", "ano": "2019", "numero": "8", "tipo__sigla": "REQ", "tipo__descricao": "Requerimento", "autoria": "Taisller Guimar\u00e3es da Silva", "texto_original": "http://sapl.manfrinopolis.pr.leg.br/media/sapl/public/materialegislativa/2019/640/requerimento_no_008-informacao_sobre_a_academia_ao_livre.pdf", "ementa": "O Vereador que o presente subscreve, nos termos legais e regimentais, ouvindo o Plen\u00e1rio, solicita \u00e0 mesa Diretora da C\u00e2mara Municipal de Manfrin\u00f3polis, Estado do Paran\u00e1, que tomem as seguintes provid\u00eancias:\r\nInforma\u00e7\u00e3o sobre a Academia ao ar livre comtemplada atrav\u00e9s do Governo do Estado, destinada para o Bairro Centro Novo. Quando ser\u00e1 feita a instala\u00e7\u00e3o? Por quais motivos n\u00e3o houve a instala\u00e7\u00e3o e qual o local do armazenamento dos equipamentos?"}, {"id": "641", "ano": "2019", "numero": "9", "tipo__sigla": "REQ", "tipo__descricao": "Requerimento", "autoria": "Taisller Guimar\u00e3es da Silva", "texto_original": "http://sapl.manfrinopolis.pr.leg.br/media/sapl/public/materialegislativa/2019/641/requerimento_no_009-_pedido_de_informacao_ao_engenheiro_prefeitura_taisller.pdf", "ementa": "Vereador que o presente subscreve, nos termos legais e regimentais, ouvindo o Plen\u00e1rio, solicita \u00e0 mesa Diretora da C\u00e2mara Municipal de Manfrin\u00f3polis, Estado do Paran\u00e1, que tomem as seguintes provid\u00eancias:\r\n - Relat\u00f3rio t\u00e9cnico do Engenheiro Civil concursado da Prefeitura, realizando levantamento do que foi executado no Processo Licitat\u00f3rio n\u00ba 01/2017, levando em considera\u00e7\u00e3o todos os itens da Tomada de Pre\u00e7os (meio fio, cal\u00e7adas, pedras irregulares, etc.).\r\n Ressaltando que c\u00f3pia desse relat\u00f3rio ser\u00e1 enviado ao Minist\u00e9rio P\u00fablico para verifica\u00e7\u00e3o das inconformidades j\u00e1 verificadas in loco, sendo que n\u00e3o foram apresentadas as medidas tomadas pelo poder executivo para corre\u00e7\u00e3o da execu\u00e7\u00e3o desse projeto."}, {"id": "642", "ano": "2019", "numero": "10", "tipo__sigla": "REQ", "tipo__descricao": "Requerimento", "autoria": "Taisller Guimar\u00e3es da Silva", "texto_original": "http://sapl.manfrinopolis.pr.leg.br/media/sapl/public/materialegislativa/2019/642/requerimento_no_010_-_pedido_de_informacao-_taisller.pdf", "ementa": "Vereador que o presente subscreve, nos termos legais e regimentais, ouvindo o Plen\u00e1rio, solicita \u00e0 mesa Diretora da C\u00e2mara Municipal de Manfrin\u00f3polis, Estado do Paran\u00e1, que tomem as seguintes provid\u00eancias:\r\n-Informa\u00e7\u00e3o qual o funcion\u00e1rio p\u00fablico, que realizou as medi\u00e7\u00f5es das linhas de \u00f4nibus para o ano de 2017.Aguardo a resposta deste por escrito, solicito que seja convocado a Sr\u00aa Secretaria de Educa\u00e7\u00e3o, afim de prestar esclarecimento."}, {"id": "643", "ano": "2019", "numero": "11", "tipo__sigla": "REQ", "tipo__descricao": "Requerimento", "autoria": "Brizola", "texto_original": "http://sapl.manfrinopolis.pr.leg.br/media/sapl/public/materialegislativa/2019/643/requerimento_no_011-_justificativa_de_falta-ildo.pdf", "ementa": "O Vereador que o presente subscreve, nos termos legais e regimentais, ouvindo o Plen\u00e1rio, solicita \u00e0 mesa Diretora da C\u00e2mara Municipal de Manfrin\u00f3polis, Estado do Paran\u00e1, que tomem as seguintes provid\u00eancias:\r\n                    Delibere juntamente com o plen\u00e1rio para a justificativa de falta, do Vereador Requerente, por motivo do incidente ocorrido com trato da Associa\u00e7\u00e3o Gleba dos Morros, n\u00e3o   pode ser fazer presente, \u00e0 Sess\u00e3o Ordin\u00e1ria do dia 12 de agosto do corrente ano."}, {"id": "644", "ano": "2019", "numero": "12", "tipo__sigla": "REQ", "tipo__descricao": "Requerimento", "autoria": "Taisller Guimar\u00e3es da Silva", "texto_original": "http://sapl.manfrinopolis.pr.leg.br/media/sapl/public/materialegislativa/2019/644/requerimento_no_012-_pedido_de_informacao-_associacao___taisller_-.pdf", "ementa": "Vereador que o presente subscreve, nos termos legais e regimentais, ouvindo o Plen\u00e1rio, solicita \u00e0 mesa Diretora da C\u00e2mara Municipal de Manfrin\u00f3polis, Estado do Paran\u00e1, que tomem as seguintes provid\u00eancias:\r\n\t\t      -Informa\u00e7\u00e3o referente Associa\u00e7\u00e3o de Catadores de Materiais Recicl\u00e1veis de Manfrin\u00f3polis.\r\n\u2022\tQuem \u00e9 o servidor respons\u00e1vel para acompanhar as atividades da Associa\u00e7\u00e3o? \r\n\u2022\t Qual \u00e9 o servidor cedido para conduzir o caminh\u00e3o da Associa\u00e7\u00e3o?"}, {"id": "645", "ano": "2019", "numero": "13", "tipo__sigla": "REQ", "tipo__descricao": "Requerimento", "autoria": "Taisller Guimar\u00e3es da Silva", "texto_original": "http://sapl.manfrinopolis.pr.leg.br/media/sapl/public/materialegislativa/2019/645/requerimento_no_013-_pedido_de_informacao-___taisller_-.pdf", "ementa": "Vereador que o presente subscreve, nos termos legais e regimentais, ouvindo o Plen\u00e1rio, solicita \u00e0 mesa Diretora da C\u00e2mara Municipal de Manfrin\u00f3polis, Estado do Paran\u00e1, que tomem as seguintes provid\u00eancias:\r\n\t\t      -Informa\u00e7\u00e3o atrav\u00e9s de relat\u00f3rio completo das faturas da Companhia Paranaense de Energia (COPEL), agrupadas e discriminativas das unidades consumidoras dos Pr\u00e9dios P\u00fablicos, dos \u00faltimos seis meses."}, {"id": "646", "ano": "2019", "numero": "14", "tipo__sigla": "REQ", "tipo__descricao": "Requerimento", "autoria": "Ademir da Rosa", "texto_original": "http://sapl.manfrinopolis.pr.leg.br/media/sapl/public/materialegislativa/2019/646/requerimento_no_014-_aquisicao_de_imovel_-_ademir_da_rosa.pdf", "ementa": "Vereador que o presente subscreve, nos termos legais e regimentais, apresenta o presente requerimento, requerendo a aprova\u00e7\u00e3o do plen\u00e1rio e remessa ao Poder Executivo:\r\n\r\n\t\t      A Comunidade de Santo Ant\u00f4nio do Divisor desde a funda\u00e7\u00e3o do Munic\u00edpio foi beneficiada com a perfura\u00e7\u00e3o de 06 (seis) po\u00e7os artesianos, destes, 05 (cinco) secaram, o \u00fanico po\u00e7o atualmente existente est\u00e1 localizado \u00e0 aproximadamente 03 km e possui dificuldades de bombeamento de \u00e1gua para a Comunidade, causando assim constantes faltas de \u00e1gua.\r\n\t\t\tO sr. Alcir Nesi \u00e9 propriet\u00e1rio de um po\u00e7o artesiano que bombeia em torno de 30.000 litros por dia de \u00e1gua, quantidade essa que era utilizada para a manuten\u00e7\u00e3o dos avi\u00e1rios de sua propriedade, com o encerramento das atividades o referido po\u00e7o se tornou ocioso.\r\n\t\t\tDessa forma, requer que o Poder Executivo busque alternativas para aquisi\u00e7\u00e3o do referido po\u00e7o para que possa ser utilizado pelas Comunidades de Santo Ant\u00f4nio do Divisor e S\u00e3o Jo\u00e3o e dessa forma"}, {"id": "647", "ano": "2019", "numero": "15", "tipo__sigla": "REQ", "tipo__descricao": "Requerimento", "autoria": "Claudecir Pegoraro, Marcos Ant\u00f4nio Francisconi", "texto_original": "http://sapl.manfrinopolis.pr.leg.br/media/sapl/public/materialegislativa/2019/647/requerimento_no_015-_pedido_de_informacao_limpeza_dos_bebedouros-_claudecir_e_marcos.pdf", "ementa": "Os Vereadores que os presente subscrevem, nos termos legais e regimentais apresentam o presente requerimento, sobre a aprova\u00e7\u00e3o do plen\u00e1rio e remessa ao Poder Executivo para:\t\r\n\t\t       - Relat\u00f3rio completo com as seguintes informa\u00e7\u00f5es: quais as comunidades e agricultores que foram beneficiados com a limpezas dos bebedouros. Qual o cronograma para as pr\u00f3ximas comunidades?"}, {"id": "648", "ano": "2019", "numero": "16", "tipo__sigla": "REQ", "tipo__descricao": "Requerimento", "autoria": "Claudecir Pegoraro, Marcos Ant\u00f4nio Francisconi", "texto_original": "http://sapl.manfrinopolis.pr.leg.br/media/sapl/public/materialegislativa/2019/648/requerimento_no_016-_pedido_de_informacao_posto_de_saude-_claudecir_e_marcos.pdf", "ementa": "Vereadores que os presente subscrevem, nos termos legais e regimentais apresenta o presente requerimento, requerendo a aprova\u00e7\u00e3o do plen\u00e1rio e remessa ao Poder Executivo:\t\t \r\n\tInforma\u00e7\u00e3o sobre a constru\u00e7\u00e3o da unidade nova do Posto de Sa\u00fade da Comunidade S\u00e3o Sebasti\u00e3o da Bela Vista (Barra Grande).  Qual o motivo da paraliza\u00e7\u00e3o das obras? Qual a previs\u00e3o da conclus\u00e3o e entrega da unidade para popula\u00e7\u00e3o?"}, {"id": "649", "ano": "2019", "numero": "17", "tipo__sigla": "REQ", "tipo__descricao": "Requerimento", "autoria": "Claudecir Pegoraro, Domingos Alberto Rech, Marcos Ant\u00f4nio Francisconi, Taisller Guimar\u00e3es da Silva, Tiago Aparecido Thomas", "texto_original": "http://sapl.manfrinopolis.pr.leg.br/media/sapl/public/materialegislativa/2019/649/requerimento_no_017-_retorno_do_onibus-taisller.pdf", "ementa": "Os Vereadores que o presente subscrevem, nos termos legais e regimentais apresentam o presente requerimento, sobre a aprova\u00e7\u00e3o do plen\u00e1rio e remessa ao Poder Executivo para:\t\t \r\n\tCria\u00e7\u00e3o de um projeto de lei para transporte p\u00fablico do interior do munic\u00edpio de Manfrin\u00f3polis, abrangendo todas as comunidades, sendo elas S\u00e3o Jos\u00e9 do Tamandar\u00e9, Santa Terezinha, Tr\u00eas de Maio, Rio Tunal, Castelo Branco, Bom Jesus, Barra Grande, Santa Luzia, S\u00e3o Jo\u00e3o, Alto S\u00e3o Jo\u00e3o, Trancredo Benguer, Santo Ant\u00f4nio Divisor, Aparecida, Savanhago, S\u00e3o Jorge, at\u00e9 a Cidade, para beneficiar pessoas que vem realizar exames, consultas, compras no com\u00e9rcio local e trabalho em industrias, com\u00e9rcio e no setor p\u00fablico da administra\u00e7\u00e3o."}, {"id": "650", "ano": "2019", "numero": "18", "tipo__sigla": "REQ", "tipo__descricao": "Requerimento", "autoria": "Ademir da Rosa", "texto_original": "http://sapl.manfrinopolis.pr.leg.br/media/sapl/public/materialegislativa/2019/650/requerimento_no_018-_licenca_ademir.pdf", "ementa": "O vereador ADEMIR DA ROSA infra-assinado, Do partido PV, com assento nesta Casa de Leis, vem \u00e0 presen\u00e7a de Vossa Excel\u00eancia, em conformidade com os artigo 21 e seguintes do Regimento Interno e artigo 38, inciso III, da Lei Org\u00e2nica do Munic\u00edpio, submeter ao Egr\u00e9gio Plen\u00e1rio o presente REQUERIMENTO DE LICEN\u00c7A, pelo per\u00edodo de trinta dias, a contar do dia 01 de outubro de 2019 a 31 de outubro de 2019 para tratar, sem remunera\u00e7\u00e3o, de interesse particular."}, {"id": "651", "ano": "2019", "numero": "19", "tipo__sigla": "REQ", "tipo__descricao": "Requerimento", "autoria": "Altair Panzera", "texto_original": "http://sapl.manfrinopolis.pr.leg.br/media/sapl/public/materialegislativa/2019/651/requerimento_no_019-_justificativa_de_falta-_altair.pdf", "ementa": "O Vereador que o presente subscreve, nos termos legais e regimentais, ouvindo o Plen\u00e1rio, solicita \u00e0 mesa Diretora da C\u00e2mara Municipal de Manfrin\u00f3polis, Estado do Paran\u00e1, que tomem as seguintes provid\u00eancias:\r\n                    Delibere juntamente com o plen\u00e1rio para a justificativa de falta, do Vereador Requerente, estava participando do treinamento para operadores na cidade de Curitiba- PR, n\u00e3o   pode ser fazer presente, \u00e0 Sess\u00e3o Ordin\u00e1ria do dia 18 de novembro do corrente ano."}, {"id": "652", "ano": "2019", "numero": "20", "tipo__sigla": "REQ", "tipo__descricao": "Requerimento", "autoria": "Altair Panzera", "texto_original": "http://sapl.manfrinopolis.pr.leg.br/media/sapl/public/materialegislativa/2019/652/requerimento_no_020-_licenca_altair.pdf", "ementa": "O vereador ALTAIR PANZERA infra-assinado, Do partido PP, com assento nesta Casa de Leis, vem \u00e0 presen\u00e7a de Vossa Excel\u00eancia, em conformidade com os artigo 21 e seguintes do Regimento Interno e artigo 38, inciso III, da Lei Org\u00e2nica do Munic\u00edpio, submeter ao Egr\u00e9gio Plen\u00e1rio o presente REQUERIMENTO DE LICEN\u00c7A, pelo per\u00edodo de trinta dias, a contar do dia 01 de outubro de 2019 a 31 de outubro de 2019 para tratar, sem remunera\u00e7\u00e3o, de interesse particular."}, {"id": "653", "ano": "2019", "numero": "21", "tipo__sigla": "REQ", "tipo__descricao": "Requerimento", "autoria": "Tiago Aparecido Thomas", "texto_original": "http://sapl.manfrinopolis.pr.leg.br/media/sapl/public/materialegislativa/2019/653/requerimento_no_021-_justificativa_de_falta-_tiago.pdf", "ementa": "O Vereador que o presente subscreve, nos termos legais e regimentais, ouvindo o Plen\u00e1rio, solicita \u00e0 mesa Diretora da C\u00e2mara Municipal de Manfrin\u00f3polis, Estado do Paran\u00e1, que tomem as seguintes provid\u00eancias:\r\n                    Delibere juntamente com o plen\u00e1rio para a justificativa de falta, do Vereador Requerente, por problemas mec\u00e2nicos no ve\u00edculo, n\u00e3o   pode ser fazer presente, \u00e0 Sess\u00e3o Ordin\u00e1ria do dia 18 de novembro do corrente ano."}, {"id": "654", "ano": "2019", "numero": "22", "tipo__sigla": "REQ", "tipo__descricao": "Requerimento", "autoria": "Brizola", "texto_original": "http://sapl.manfrinopolis.pr.leg.br/media/sapl/public/materialegislativa/2019/654/requerimento_no_019-_licenca_ildo.pdf", "ementa": "O vereador ILDO TOBALDINI infra-assinado, Do partido PP, com assento nesta Casa de Leis, vem \u00e0 presen\u00e7a de Vossa Excel\u00eancia, em conformidade com os artigo 21 e seguintes do Regimento Interno e artigo 38, inciso III, da Lei Org\u00e2nica do Munic\u00edpio, submeter ao Egr\u00e9gio Plen\u00e1rio o presente REQUERIMENTO DE LICEN\u00c7A, pelo per\u00edodo de trinta dias, a contar do dia 01 de outubro de 2019 a 31 de outubro de 2019 para tratar, sem remunera\u00e7\u00e3o, de interesse particular."}]}