{"id":846,"__str__":"Requerimento n\u00ba 15 de 2023","link_detail_backend":"/materia/846","metadata":{},"numero":15,"ano":2023,"numero_protocolo":97,"data_apresentacao":"2023-12-08","tipo_apresentacao":"E","data_publicacao":null,"numero_origem_externa":"","ano_origem_externa":null,"data_origem_externa":null,"apelido":"","dias_prazo":null,"data_fim_prazo":null,"em_tramitacao":false,"polemica":false,"objeto":"","complementar":false,"ementa":"O Vereador que o presente subscreve, nos termos legais e regimentais, ouvindo o Plen\u00e1rio, solicita \u00e0 mesa Diretora da C\u00e2mara Municipal de Manfrin\u00f3polis, Estado do Paran\u00e1, que tomem as seguintes provid\u00eancias:\r\nDelibere juntamente com o plen\u00e1rio para a justificativa de falta, do Vereador Requerente, por estar em visita a Assembleia Legislativa para tratar das demandas dos interesses do munic\u00edpio juntamente com o Deputado Ad\u00e3o Litro, assim n\u00e3o pode se fazer presente, \u00e0 Sess\u00e3o Ordin\u00e1ria do dia 04 de dezembro do corrente ano.","indexacao":"","observacao":"","resultado":"","texto_original":"http://sapl.manfrinopolis.pr.leg.br/media/sapl/public/materialegislativa/2023/846/requerimento_no_015-_justificativa_de_falta_altair_panzera.pdf","data_ultima_atualizacao":"2023-12-12T13:35:55.962815-03:00","ip":"187.60.216.233","ultima_edicao":"2023-12-11T19:13:32.298357-03:00","tipo":9,"regime_tramitacao":4,"tipo_origem_externa":null,"local_origem_externa":null,"user":12,"anexadas":[],"autores":[7]}