{"id":838,"__str__":"Requerimento n\u00ba 13 de 2023","link_detail_backend":"/materia/838","metadata":{},"numero":13,"ano":2023,"numero_protocolo":85,"data_apresentacao":"2023-10-26","tipo_apresentacao":"E","data_publicacao":null,"numero_origem_externa":"","ano_origem_externa":null,"data_origem_externa":null,"apelido":"","dias_prazo":null,"data_fim_prazo":null,"em_tramitacao":false,"polemica":false,"objeto":"","complementar":false,"ementa":"O Vereador que o presente subscreve, nos termos legais e regimentais, ouvindo o Plen\u00e1rio, solicita \u00e0 mesa Diretora da C\u00e2mara Municipal de Manfrin\u00f3polis, Estado do Paran\u00e1, que tomem as seguintes provid\u00eancias:\r\nDelibere juntamente com o plen\u00e1rio para a justificativa de falta, do Vereador Requerente, por estar acompanhando seu pai que teve problemas de sa\u00fade e precisou ficar internado, assim n\u00e3o pode se fazer presente, \u00e0s Sess\u00f5es Ordin\u00e1rias do dia 23 e 30 outubro do corrente ano.","indexacao":"","observacao":"","resultado":"","texto_original":"http://sapl.manfrinopolis.pr.leg.br/media/sapl/public/materialegislativa/2023/838/requerimento_no_013-_justificativa_de_falta_luiz_fernando_lopes_da_costa.pdf","data_ultima_atualizacao":"2023-11-07T16:25:14.744220-03:00","ip":"187.60.219.166","ultima_edicao":"2023-11-01T10:09:52.872509-03:00","tipo":9,"regime_tramitacao":4,"tipo_origem_externa":null,"local_origem_externa":null,"user":12,"anexadas":[],"autores":[53]}