{"id":833,"__str__":"Requerimento n\u00ba 11 de 2023","link_detail_backend":"/materia/833","metadata":{},"numero":11,"ano":2023,"numero_protocolo":80,"data_apresentacao":"2023-10-06","tipo_apresentacao":"E","data_publicacao":null,"numero_origem_externa":"","ano_origem_externa":null,"data_origem_externa":null,"apelido":"","dias_prazo":null,"data_fim_prazo":null,"em_tramitacao":false,"polemica":false,"objeto":"","complementar":false,"ementa":"O Vereador que o presente subscreve, nos termos legais e regimentais, ouvindo o Plen\u00e1rio, solicita \u00e0 mesa Diretora da C\u00e2mara Municipal de Manfrin\u00f3polis, Estado do Paran\u00e1, que tomem as seguintes provid\u00eancias:\r\nDelibere juntamente com o plen\u00e1rio para a justificativa de falta, do Vereador Requerente, por estar com problemas de sa\u00fade, e n\u00e3o pode se fazer presente, \u00e0 Sess\u00e3o Ordin\u00e1ria do dia 02 de outubro do corrente ano.","indexacao":"","observacao":"","resultado":"","texto_original":"http://sapl.manfrinopolis.pr.leg.br/media/sapl/public/materialegislativa/2023/833/requerimento_no_011-_justificativa_de_falta_jose_joao_machado.pdf","data_ultima_atualizacao":"2023-10-17T15:07:23.857651-03:00","ip":"187.60.223.98","ultima_edicao":"2023-10-06T09:46:34.429745-03:00","tipo":9,"regime_tramitacao":4,"tipo_origem_externa":null,"local_origem_externa":null,"user":12,"anexadas":[],"autores":[54]}