{"id":729,"__str__":"Indica\u00e7\u00e3o n\u00ba 71 de 2019","link_detail_backend":"/materia/729","metadata":{},"numero":71,"ano":2019,"numero_protocolo":null,"data_apresentacao":"2019-08-19","tipo_apresentacao":"E","data_publicacao":null,"numero_origem_externa":"","ano_origem_externa":null,"data_origem_externa":null,"apelido":"","dias_prazo":null,"data_fim_prazo":null,"em_tramitacao":false,"polemica":false,"objeto":"","complementar":false,"ementa":"Os Vereadores que os presente subscrevem, na forma regimental, vem mui respeitosamente \u00e0 presen\u00e7a de Vossa Excel\u00eancia, INDICAR, ao Executivo Municipal, atrav\u00e9s do Setor competente, que tome as provid\u00eancias necess\u00e1rias no sentido de viabilizar recurso, recapeamento asf\u00e1ltico no referido trecho da PR \u2013 483 at\u00e9 a comunidade S\u00e3o Sebasti\u00e3o da Bela Vista (Barra Grande).","indexacao":"","observacao":"","resultado":"","texto_original":"http://sapl.manfrinopolis.pr.leg.br/media/sapl/public/materialegislativa/2019/729/indicacao_no_071-_recapeamento_asfaltico_-_ildo_antonio_ademir_e_altair.pdf","data_ultima_atualizacao":"2023-05-09T11:22:15.735460-03:00","ip":"177.101.136.202","ultima_edicao":"2023-05-09T11:21:42.997940-03:00","tipo":3,"regime_tramitacao":4,"tipo_origem_externa":null,"local_origem_externa":null,"user":22,"anexadas":[],"autores":[3,7,1,4]}