{"id":666,"__str__":"Indica\u00e7\u00e3o n\u00ba 8 de 2019","link_detail_backend":"/materia/666","metadata":{},"numero":8,"ano":2019,"numero_protocolo":null,"data_apresentacao":"2019-02-18","tipo_apresentacao":"E","data_publicacao":null,"numero_origem_externa":"","ano_origem_externa":null,"data_origem_externa":null,"apelido":"","dias_prazo":null,"data_fim_prazo":null,"em_tramitacao":false,"polemica":false,"objeto":"","complementar":false,"ementa":"Os Vereadores que o presente subscrevem, na forma regimental, vem mui respeitosamente \u00e0 presen\u00e7a de Vossa Excel\u00eancia, INDICAR, ao Executivo Municipal, atrav\u00e9s do Setor competente, que tome as provid\u00eancias necess\u00e1rias no sentido de viabilizar recurso, para recupera\u00e7\u00e3o das estradas da Comunidade Linha Freire at\u00e9 o acesso da Comunidade S\u00e3o Sebasti\u00e3o da Bela Vista (Barra Grande).","indexacao":"","observacao":"","resultado":"","texto_original":"http://sapl.manfrinopolis.pr.leg.br/media/sapl/public/materialegislativa/2019/666/indicacao_no_008-_recuperacao_da_estrada_freire-_antonio_ademir.pdf","data_ultima_atualizacao":"2023-05-08T10:50:24.076656-03:00","ip":"187.60.216.142","ultima_edicao":"2023-05-08T10:50:23.960229-03:00","tipo":3,"regime_tramitacao":4,"tipo_origem_externa":null,"local_origem_externa":null,"user":22,"anexadas":[],"autores":[3,1]}