{"id":662,"__str__":"Indica\u00e7\u00e3o n\u00ba 4 de 2019","link_detail_backend":"/materia/662","metadata":{},"numero":4,"ano":2019,"numero_protocolo":null,"data_apresentacao":"2019-02-25","tipo_apresentacao":"E","data_publicacao":null,"numero_origem_externa":"","ano_origem_externa":null,"data_origem_externa":null,"apelido":"","dias_prazo":null,"data_fim_prazo":null,"em_tramitacao":false,"polemica":false,"objeto":"","complementar":false,"ementa":"Os Vereadores que os presente subscrevem de acordo com as normas regimentais, encaminha INDICA\u00c7\u00c3O ao Sr. Caetano Ilair Alievi, Prefeito Municipal de Manfrin\u00f3polis, atrav\u00e9s do setor competente, que tome as provid\u00eancias necess\u00e1rias para aquisi\u00e7\u00e3o de m\u00e1quina de costura industrial, sendo elas destinadas para empresa Amiel Ind\u00fastria de Confec\u00e7\u00e3o, localizada na Comunidade S\u00e3o Sebasti\u00e3o da Bela Vista (Barra Grande).","indexacao":"","observacao":"","resultado":"","texto_original":"http://sapl.manfrinopolis.pr.leg.br/media/sapl/public/materialegislativa/2019/662/indicacao_no_004-_aquisicao__maquina_de__costura-_marcos_e_claudecir.pdf","data_ultima_atualizacao":"2023-05-08T10:38:15.546045-03:00","ip":"187.60.216.142","ultima_edicao":"2023-05-08T10:37:19.403309-03:00","tipo":3,"regime_tramitacao":4,"tipo_origem_externa":null,"local_origem_externa":null,"user":22,"anexadas":[],"autores":[10,8]}