{"id":652,"__str__":"Requerimento n\u00ba 20 de 2019","link_detail_backend":"/materia/652","metadata":{},"numero":20,"ano":2019,"numero_protocolo":null,"data_apresentacao":"2019-09-23","tipo_apresentacao":"","data_publicacao":null,"numero_origem_externa":"","ano_origem_externa":null,"data_origem_externa":null,"apelido":"","dias_prazo":null,"data_fim_prazo":null,"em_tramitacao":false,"polemica":false,"objeto":"","complementar":false,"ementa":"O vereador ALTAIR PANZERA infra-assinado, Do partido PP, com assento nesta Casa de Leis, vem \u00e0 presen\u00e7a de Vossa Excel\u00eancia, em conformidade com os artigo 21 e seguintes do Regimento Interno e artigo 38, inciso III, da Lei Org\u00e2nica do Munic\u00edpio, submeter ao Egr\u00e9gio Plen\u00e1rio o presente REQUERIMENTO DE LICEN\u00c7A, pelo per\u00edodo de trinta dias, a contar do dia 01 de outubro de 2019 a 31 de outubro de 2019 para tratar, sem remunera\u00e7\u00e3o, de interesse particular.","indexacao":"","observacao":"","resultado":"","texto_original":"http://sapl.manfrinopolis.pr.leg.br/media/sapl/public/materialegislativa/2019/652/requerimento_no_020-_licenca_altair.pdf","data_ultima_atualizacao":"2023-05-05T11:57:10.235424-03:00","ip":"187.60.216.142","ultima_edicao":"2023-05-05T11:56:28.762259-03:00","tipo":9,"regime_tramitacao":4,"tipo_origem_externa":null,"local_origem_externa":null,"user":2,"anexadas":[],"autores":[7]}