{"id":638,"__str__":"Requerimento n\u00ba 6 de 2019","link_detail_backend":"/materia/638","metadata":{},"numero":6,"ano":2019,"numero_protocolo":null,"data_apresentacao":"2019-05-13","tipo_apresentacao":"E","data_publicacao":null,"numero_origem_externa":"","ano_origem_externa":null,"data_origem_externa":null,"apelido":"","dias_prazo":null,"data_fim_prazo":null,"em_tramitacao":false,"polemica":false,"objeto":"","complementar":false,"ementa":"Requeiro, conforme capt. do art. 279, do Regimento Interno, que, ouvido o Plen\u00e1rio, se digne adotar as provid\u00eancias necess\u00e1rias \u00e0 Convoca\u00e7\u00e3o do, Sr. Jos\u00e9 Altair Teixeira Diretor do departamento de esportes, para comparecer ao Plen\u00e1rio da C\u00e2mara de Vereadores a fim de fazer a presta\u00e7\u00e3o de contas referente ao ano de 2018.","indexacao":"","observacao":"","resultado":"","texto_original":"http://sapl.manfrinopolis.pr.leg.br/media/sapl/public/materialegislativa/2019/638/requerimento_no_006-_convocacao_altair_teixeira-_domingos.pdf","data_ultima_atualizacao":"2023-05-05T11:41:08.439058-03:00","ip":"187.60.216.142","ultima_edicao":"2023-05-05T11:40:37.404918-03:00","tipo":9,"regime_tramitacao":4,"tipo_origem_externa":null,"local_origem_externa":null,"user":2,"anexadas":[],"autores":[9]}