{"id":555,"__str__":"Indica\u00e7\u00e3o n\u00ba 30 de 2018","link_detail_backend":"/materia/555","metadata":{},"numero":30,"ano":2018,"numero_protocolo":null,"data_apresentacao":"2018-04-16","tipo_apresentacao":"E","data_publicacao":null,"numero_origem_externa":"","ano_origem_externa":null,"data_origem_externa":null,"apelido":"","dias_prazo":null,"data_fim_prazo":null,"em_tramitacao":false,"polemica":false,"objeto":"","complementar":false,"ementa":"Os Vereadores que o presente subscrevem, na forma regimental, vem mui respeitosamente \u00e0 presen\u00e7a de Vossa Excel\u00eancia, INDICAR ao Executivo Municipal, atrav\u00e9s do Setor competente, que tome as provid\u00eancias necess\u00e1rias para implanta\u00e7\u00e3o de ponto de coleta de embalagens vazias de agrot\u00f3xicos, em todas as comunidades do Munic\u00edpio de Manfrin\u00f3polis.","indexacao":"","observacao":"","resultado":"","texto_original":"http://sapl.manfrinopolis.pr.leg.br/media/sapl/public/materialegislativa/2018/555/indicacao_no_030-_coleta_de_embalagem_agrotoxico_savanhago-_altair_e_ildo.pdf","data_ultima_atualizacao":"2023-05-04T08:39:46.890892-03:00","ip":"177.101.136.213","ultima_edicao":"2023-05-04T08:38:49.955342-03:00","tipo":3,"regime_tramitacao":4,"tipo_origem_externa":null,"local_origem_externa":null,"user":22,"anexadas":[],"autores":[7,4]}