{"id":481,"__str__":"Projeto de Lei Ordin\u00e1ria n\u00ba 5 de 2023","link_detail_backend":"/materia/481","metadata":{},"numero":5,"ano":2023,"numero_protocolo":null,"data_apresentacao":"2023-01-19","tipo_apresentacao":"E","data_publicacao":null,"numero_origem_externa":"","ano_origem_externa":null,"data_origem_externa":null,"apelido":"admin","dias_prazo":null,"data_fim_prazo":null,"em_tramitacao":false,"polemica":false,"objeto":"","complementar":false,"ementa":"Revisa os subs\u00eddios dos Vereadores e do Presidente da C\u00e2mara Municipal de Manfrin\u00f3polis, e d\u00e1 outras provid\u00eancias.","indexacao":"","observacao":"","resultado":"","texto_original":"http://sapl.manfrinopolis.pr.leg.br/media/sapl/public/materialegislativa/2023/481/02_-_legislativo_-_recomposicao_de_subsidios_vereadores.pdf","data_ultima_atualizacao":"2023-02-24T13:35:03.741441-03:00","ip":"170.244.58.57","ultima_edicao":"2023-01-19T10:54:17.476756-03:00","tipo":1,"regime_tramitacao":2,"tipo_origem_externa":null,"local_origem_externa":null,"user":2,"anexadas":[],"autores":[7,54,10]}