{"id":427,"__str__":"Projeto de Lei Ordin\u00e1ria - Iniciativa Legislativo n\u00ba 5 de 2022","link_detail_backend":"/materia/427","metadata":{},"numero":5,"ano":2022,"numero_protocolo":null,"data_apresentacao":"2022-08-29","tipo_apresentacao":"E","data_publicacao":null,"numero_origem_externa":"","ano_origem_externa":null,"data_origem_externa":null,"apelido":"","dias_prazo":null,"data_fim_prazo":null,"em_tramitacao":false,"polemica":false,"objeto":"","complementar":false,"ementa":"DISP\u00d5E SOBRE DENOMINA\u00c7\u00c3O PLEN\u00c1RIO DA C\u00c2MARA MUNICIPAL DE VEREADORES DE MANFRIN\u00d3POLIS/PR, QUE PASSA \u00c0 DENOMINAR-SE \u201cPLEN\u00c1RIO VEREADOR TIAGO APARECIDO THOMAS\u201d.","indexacao":"","observacao":"","resultado":"","texto_original":"http://sapl.manfrinopolis.pr.leg.br/media/sapl/public/materialegislativa/2022/427/pll_05-2022.pdf","data_ultima_atualizacao":"2022-12-28T11:30:58.511575-03:00","ip":"177.220.173.172","ultima_edicao":"2022-12-28T11:30:58.283336-03:00","tipo":12,"regime_tramitacao":1,"tipo_origem_externa":null,"local_origem_externa":null,"user":2,"anexadas":[],"autores":[3,7,9,52,54,53,14,10,51]}