{"id":363,"__str__":"Requerimento n\u00ba 3 de 2022","link_detail_backend":"/materia/363","metadata":{},"numero":3,"ano":2022,"numero_protocolo":null,"data_apresentacao":"2022-03-21","tipo_apresentacao":"E","data_publicacao":null,"numero_origem_externa":"","ano_origem_externa":null,"data_origem_externa":null,"apelido":"","dias_prazo":null,"data_fim_prazo":null,"em_tramitacao":false,"polemica":false,"objeto":"","complementar":false,"ementa":"O Vereador que o presente subscreve, nos termos legais e regimentais, ouvindo o Plen\u00e1rio, solicita \u00e0 mesa Diretora da C\u00e2mara Municipal de Manfrin\u00f3polis, Estado do Paran\u00e1, que tomem as seguintes provid\u00eancias:\r\n                    Delibere juntamente com o plen\u00e1rio para a justificativa de falta, do Vereador Requerente, por n\u00e3o estar bem de sa\u00fade n\u00e3o pode se fazer presente na Sess\u00e3o do dia 14 /03","indexacao":"","observacao":"","resultado":"","texto_original":"http://sapl.manfrinopolis.pr.leg.br/media/sapl/public/materialegislativa/2022/363/requerimento_no_003-_justificativa_de_falta-_ademir.pdf","data_ultima_atualizacao":"2022-03-23T09:31:03.497558-03:00","ip":"177.101.136.217","ultima_edicao":"2022-03-23T09:31:03.345983-03:00","tipo":9,"regime_tramitacao":1,"tipo_origem_externa":null,"local_origem_externa":null,"user":2,"anexadas":[],"autores":[3]}