{"id":359,"__str__":"Indica\u00e7\u00e3o n\u00ba 19 de 2022","link_detail_backend":"/materia/359","metadata":{},"numero":19,"ano":2022,"numero_protocolo":null,"data_apresentacao":"2022-03-21","tipo_apresentacao":"E","data_publicacao":null,"numero_origem_externa":"","ano_origem_externa":null,"data_origem_externa":null,"apelido":"","dias_prazo":null,"data_fim_prazo":null,"em_tramitacao":false,"polemica":false,"objeto":"","complementar":false,"ementa":"O Vereador que o presente subscreve, na forma regimental, vem mui respeitosamente \u00e0 presen\u00e7a de Vossa Excel\u00eancia, INDICAR, ao Executivo Municipal, atrav\u00e9s do Setor competente, que tome as provid\u00eancias necess\u00e1rias no sentido de fazer refazer as cal\u00e7adas da rua Valter em toda sua extens\u00e3o e que seja retirada a carreta que a est\u00e1 na esquina da delegacia .","indexacao":"","observacao":"","resultado":"","texto_original":"http://sapl.manfrinopolis.pr.leg.br/media/sapl/public/materialegislativa/2022/359/indicacao_18-2022.pdf","data_ultima_atualizacao":"2022-03-23T09:23:04.979028-03:00","ip":"177.101.136.217","ultima_edicao":"2022-03-23T09:23:04.856655-03:00","tipo":3,"regime_tramitacao":1,"tipo_origem_externa":null,"local_origem_externa":null,"user":2,"anexadas":[],"autores":[7,9,54,10,8]}