{"id":349,"__str__":"Projeto de Lei Ordin\u00e1ria - Iniciativa Legislativo n\u00ba 3 de 2022","link_detail_backend":"/materia/349","metadata":{},"numero":3,"ano":2022,"numero_protocolo":null,"data_apresentacao":"2022-03-07","tipo_apresentacao":"E","data_publicacao":null,"numero_origem_externa":"","ano_origem_externa":null,"data_origem_externa":null,"apelido":"","dias_prazo":null,"data_fim_prazo":null,"em_tramitacao":false,"polemica":false,"objeto":"","complementar":false,"ementa":"Altera a Lei n\u00ba 635/2017 que estabelece o Quadro \u00danico de Pessoal da C\u00e2mara Municipal de Vereadores de Manfrin\u00f3polis, disp\u00f5e sobre o Plano de Cargos, Carreira e Valoriza\u00e7\u00e3o do Servidor P\u00fablico (PCCVSP) ocupante de cargo efetivo da C\u00e2mara Municipal de Vereadores de Manfrin\u00f3polis e d\u00e1 outras provid\u00eancias.","indexacao":"","observacao":"","resultado":"","texto_original":"http://sapl.manfrinopolis.pr.leg.br/media/sapl/public/materialegislativa/2022/349/pl_-legislativo_-_003_-__altera_plano_de_cargos.pdf","data_ultima_atualizacao":"2022-03-23T09:30:30.033538-03:00","ip":"177.101.136.217","ultima_edicao":"2022-03-23T09:30:29.754287-03:00","tipo":12,"regime_tramitacao":2,"tipo_origem_externa":null,"local_origem_externa":null,"user":2,"anexadas":[],"autores":[7,9,54,10,8]}