{"id":314,"__str__":"Requerimento n\u00ba 15 de 2021","link_detail_backend":"/materia/314","metadata":{},"numero":15,"ano":2021,"numero_protocolo":null,"data_apresentacao":"2021-11-29","tipo_apresentacao":"E","data_publicacao":null,"numero_origem_externa":"","ano_origem_externa":null,"data_origem_externa":null,"apelido":"","dias_prazo":null,"data_fim_prazo":null,"em_tramitacao":false,"polemica":false,"objeto":"","complementar":false,"ementa":"O Vereador que o presente subscreve, nos termos legais e regimentais, ouvindo o Plen\u00e1rio, solicita \u00e0 mesa Diretora da C\u00e2mara Municipal de Manfrin\u00f3polis, Estado do Paran\u00e1, que tomem as seguintes provid\u00eancias:\r\n                    Delibere juntamente com o plen\u00e1rio para a justificativa de falta, do Vereador Requerente, por estar com suspeita do Covid-19, n\u00e3o pode ser fazer presente, \u00e0 Sess\u00e3o Ordin\u00e1ria do dia 22 de novembro do corrente ano.","indexacao":"","observacao":"","resultado":"","texto_original":null,"data_ultima_atualizacao":"2022-05-04T11:09:20.168550-03:00","ip":"187.60.223.194","ultima_edicao":"2022-05-04T11:09:20.106024-03:00","tipo":9,"regime_tramitacao":1,"tipo_origem_externa":null,"local_origem_externa":null,"user":2,"anexadas":[],"autores":[51]}