{"id":1100,"__str__":"Requerimento n\u00ba 8 de 2025","link_detail_backend":"/materia/1100","metadata":{},"numero":8,"ano":2025,"numero_protocolo":172,"data_apresentacao":"2025-12-11","tipo_apresentacao":"E","data_publicacao":null,"numero_origem_externa":"","ano_origem_externa":null,"data_origem_externa":null,"apelido":"","dias_prazo":null,"data_fim_prazo":null,"em_tramitacao":false,"polemica":false,"objeto":"","complementar":false,"ementa":"A Vereadora que a presente subscreve, nos termos legais regimentais, ouvindo o Plen\u00e1rio, solicita \u00e0 mesa Diretora da C\u00e2mara Municipal de Manfrin\u00f3polis, estado do Paran\u00e1, que tomem as seguintes provid\u00eancias. \r\nDelibere juntamente ao Plen\u00e1rio para a justificativa de falta da Vereadora Fernanda Da Rosa, por motivo de tratamento vascular, apresentando o atestado m\u00e9dico, n\u00e3o podendo assim se fazer presente \u00e0 Sess\u00e3o Ordin\u00e1ria do dia 08 de dezembro de 2025.","indexacao":"","observacao":"","resultado":"","texto_original":"http://sapl.manfrinopolis.pr.leg.br/media/sapl/public/materialegislativa/2025/1100/requerimento_n008-2025.pdf","data_ultima_atualizacao":"2025-12-16T13:13:56.150482-03:00","ip":"187.60.219.236","ultima_edicao":"2025-12-11T13:06:26.865563-03:00","tipo":9,"regime_tramitacao":4,"tipo_origem_externa":null,"local_origem_externa":null,"user":12,"anexadas":[],"autores":[65]}