{"id":1099,"__str__":"Requerimento n\u00ba 7 de 2025","link_detail_backend":"/materia/1099","metadata":{},"numero":7,"ano":2025,"numero_protocolo":171,"data_apresentacao":"2025-12-05","tipo_apresentacao":"E","data_publicacao":null,"numero_origem_externa":"","ano_origem_externa":null,"data_origem_externa":null,"apelido":"","dias_prazo":null,"data_fim_prazo":null,"em_tramitacao":false,"polemica":false,"objeto":"","complementar":false,"ementa":"O Vereador que a presente subscreve, nos termos legais regimentais, ouvindo o Plen\u00e1rio, solicita \u00e0 mesa Diretora da C\u00e2mara Municipal de Manfrin\u00f3polis, estado do Paran\u00e1, que tomem as seguintes provid\u00eancias. \r\nDelibere juntamente ao Plen\u00e1rio para a justificativa de falta do Vereador Domingos Alberto Rech, por motivo de problemas de sa\u00fade, n\u00e3o podendo assim se fazer presente \u00e0 Sess\u00e3o Ordin\u00e1ria do dia 01 de dezembro de 2025.","indexacao":"","observacao":"","resultado":"","texto_original":"http://sapl.manfrinopolis.pr.leg.br/media/sapl/public/materialegislativa/2025/1099/requerimento_n007-2025.pdf","data_ultima_atualizacao":"2025-12-10T10:24:01.606508-03:00","ip":"187.60.223.105","ultima_edicao":"2025-12-05T10:27:49.295792-03:00","tipo":9,"regime_tramitacao":1,"tipo_origem_externa":null,"local_origem_externa":null,"user":12,"anexadas":[],"autores":[9]}