{"id":1065,"__str__":"Projeto de Lei Ordin\u00e1ria n\u00ba 32 de 2025","link_detail_backend":"/materia/1065","metadata":{"signs":{"texto_original":{"admin":[],"autores":[["Amarildo Alves Carneiro",["2025-09-01T14:49:24-03:00","ICP-Brasil"]]]}}},"numero":32,"ano":2025,"numero_protocolo":130,"data_apresentacao":"2025-09-01","tipo_apresentacao":"","data_publicacao":null,"numero_origem_externa":"","ano_origem_externa":null,"data_origem_externa":null,"apelido":"","dias_prazo":null,"data_fim_prazo":null,"em_tramitacao":false,"polemica":false,"objeto":"","complementar":false,"ementa":"Institui a Feira de Manfrin\u00f3polis como instrumento de desenvolvimento local e fomento \u00e0 gera\u00e7\u00e3o de renda, \u00e1s industrias locais, pequenos comerciantes e produtores rurais.","indexacao":"","observacao":"","resultado":"","texto_original":"http://sapl.manfrinopolis.pr.leg.br/media/sapl/public/materialegislativa/2025/1065/projeto_de_lei_ordinaria_-_criacao_de_feira.pdf","data_ultima_atualizacao":"2025-09-05T08:42:54.712075-03:00","ip":"","ultima_edicao":null,"tipo":1,"regime_tramitacao":2,"tipo_origem_externa":null,"local_origem_externa":null,"user":null,"anexadas":[],"autores":[70]}