{"id":1013,"__str__":"Indica\u00e7\u00e3o n\u00ba 38 de 2025","link_detail_backend":"/materia/1013","metadata":{},"numero":38,"ano":2025,"numero_protocolo":75,"data_apresentacao":"2025-04-30","tipo_apresentacao":"E","data_publicacao":null,"numero_origem_externa":"","ano_origem_externa":null,"data_origem_externa":null,"apelido":"","dias_prazo":null,"data_fim_prazo":null,"em_tramitacao":false,"polemica":false,"objeto":"","complementar":false,"ementa":"Os Vereadores que o presente subscreve, na forma regimental, vem mui respeitosamente \u00e0 presen\u00e7a de Vossa Excel\u00eancia, INDICAR, ao Executivo Municipal, atrav\u00e9s do setor competente que tome as provid\u00eancias necess\u00e1rias visando \u00e0 contrata\u00e7\u00e3o de um Educador de F\u00edsico de Pilates para os idosos do munic\u00edpio.  \r\nA presente indica\u00e7\u00e3o tem como objetivo a contrata\u00e7\u00e3o de um Educador F\u00edsico, profissional que atua com excel\u00eancia na \u00e1rea de Pilates, promovendo sa\u00fade, bem-estar e qualidade de vida aos idosos e o restante da popula\u00e7\u00e3o de Manfrin\u00f3polis, que tem como contribui\u00e7\u00e3o significativamente para a preven\u00e7\u00e3o de doen\u00e7as, reabilita\u00e7\u00e3o f\u00edsica e fortalecimento da consci\u00eancia corporal de seus alunos, com aten\u00e7\u00e3o individualizada, respeito aos limites f\u00edsicos e promo\u00e7\u00e3o de um estilo de vida mais saud\u00e1vel. Al\u00e9m de seu conhecimento t\u00e9cnico e dedica\u00e7\u00e3o, o profissional tamb\u00e9m se destaca pelo relacionamento pr\u00f3ximo com a comunidade, atendendo diferentes faixas et\u00e1rias e necessidades espec\u00edficas, sempre com \u00e9tica, empatia e profissionalismo.","indexacao":"","observacao":"","resultado":"","texto_original":"http://sapl.manfrinopolis.pr.leg.br/media/sapl/public/materialegislativa/2025/1013/indicacao_n038-2025.pdf","data_ultima_atualizacao":"2025-05-06T09:31:12.840271-03:00","ip":"177.101.136.201","ultima_edicao":"2025-04-30T13:40:23.806641-03:00","tipo":3,"regime_tramitacao":4,"tipo_origem_externa":null,"local_origem_externa":null,"user":12,"anexadas":[],"autores":[7,9,66,65,52,54,14,10,67]}