{"id":1002,"__str__":"Projeto de Lei Ordin\u00e1ria n\u00ba 17 de 2025","link_detail_backend":"/materia/1002","metadata":{},"numero":17,"ano":2025,"numero_protocolo":62,"data_apresentacao":"2025-04-04","tipo_apresentacao":"E","data_publicacao":null,"numero_origem_externa":"","ano_origem_externa":null,"data_origem_externa":null,"apelido":"","dias_prazo":null,"data_fim_prazo":null,"em_tramitacao":false,"polemica":false,"objeto":"","complementar":false,"ementa":"Altera a Lei n\u00ba 635/2017 que estabelece o Quadro \u00danico de Pessoal da C\u00e2mara Municipal de Vereadores de Manfrin\u00f3polis, disp\u00f5e sobre o Plano de Cargos, Carreira e Valoriza\u00e7\u00e3o do Servidor P\u00fablico (PCCVSP) ocupante de cargo efetivo da C\u00e2mara Municipal de Vereadores de Manfrin\u00f3polis e d\u00e1 outras provid\u00eancias e o Decreto 90/2023 que regulamenta a aplica\u00e7\u00e3o da lei n\u00ba 14.133/2021, que disp\u00f5e sobre a sistem\u00e1tica de licita\u00e7\u00f5es e contratos administrativos, no \u00e2mbito do poder legislativo do munic\u00edpio de Manfrin\u00f3polis e d\u00e1 outras provid\u00eancias.","indexacao":"","observacao":"","resultado":"","texto_original":"http://sapl.manfrinopolis.pr.leg.br/media/sapl/public/materialegislativa/2025/1002/03_-_legislativo_-_altera_plano_de_cargos.pdf","data_ultima_atualizacao":"2025-04-08T13:27:27.943749-03:00","ip":"187.60.216.228","ultima_edicao":"2025-04-04T14:25:26.219258-03:00","tipo":1,"regime_tramitacao":2,"tipo_origem_externa":null,"local_origem_externa":null,"user":12,"anexadas":[],"autores":[66,54,10]}