{"id":551,"__str__":"Aut\u00f3grafo - Aut\u00f3grafo de 01/09/2025 por ","link_detail_backend":"/materia/documentoacessorio/551","metadata":{},"nome":"Aut\u00f3grafo","data":"2025-09-01","autor":"","ementa":"","indexacao":"","arquivo":"http://sapl.manfrinopolis.pr.leg.br/media/sapl/public/documentoacessorio/2025/551/07-_autografo_ao_projeto_de_lei_do_poder_executivo_n31-2025.pdf","data_ultima_atualizacao":"2025-09-03T09:12:14.911308-03:00","materia":1063,"tipo":3}