{"id":522,"__str__":"Aut\u00f3grafo - Aut\u00f3grafo de 26/05/2025 por ","link_detail_backend":"/materia/documentoacessorio/522","metadata":{},"nome":"Aut\u00f3grafo","data":"2025-05-26","autor":"","ementa":"","indexacao":"","arquivo":"http://sapl.manfrinopolis.pr.leg.br/media/sapl/public/documentoacessorio/2025/522/08-_autografo_ao_projeto_de_lei_do_poder_executivo_n022-2025.pdf","data_ultima_atualizacao":"2025-05-28T15:53:27.263150-03:00","materia":1018,"tipo":3}