{"id":461,"__str__":"Aut\u00f3grafo - Aut\u00f3grafo de 10/04/2025 por ","link_detail_backend":"/materia/documentoacessorio/461","metadata":{},"nome":"Aut\u00f3grafo","data":"2025-04-10","autor":"","ementa":"","indexacao":"","arquivo":"http://sapl.manfrinopolis.pr.leg.br/media/sapl/public/documentoacessorio/2025/461/08-_autografo_ao_projeto_de_lei_do_poder_legislativo_n17-2025.pdf","data_ultima_atualizacao":"2025-04-10T09:31:09.386570-03:00","materia":1002,"tipo":3}