{"id":445,"__str__":"Of\u00edcio - Of\u00edcio de 01/04/2025 por AMARILDO ALVES CARNEIRO - Prefeito","link_detail_backend":"/materia/documentoacessorio/445","metadata":{},"nome":"Of\u00edcio","data":"2025-04-01","autor":"AMARILDO ALVES CARNEIRO - Prefeito","ementa":"Solicita a retirada de pauta e devolu\u00e7\u00e3o do Projeto de Lei Ordin\u00e1ria n\u00ba 12 de 2025.","indexacao":"","arquivo":"http://sapl.manfrinopolis.pr.leg.br/media/sapl/public/documentoacessorio/2025/445/090-2025_-_camara_municipal_retirada_de_projeto_de_pauta.pdf","data_ultima_atualizacao":"2025-04-02T08:39:08.280872-03:00","materia":992,"tipo":4}