{"id":434,"__str__":"Aut\u00f3grafo - Aut\u00f3grafo de 17/03/2025 por ","link_detail_backend":"/materia/documentoacessorio/434","metadata":{},"nome":"Aut\u00f3grafo","data":"2025-03-17","autor":"","ementa":"","indexacao":"","arquivo":"http://sapl.manfrinopolis.pr.leg.br/media/sapl/public/documentoacessorio/2025/434/08-autografo_ao_projeto_de_lei_n_0082025_do_poder_executivo.pdf","data_ultima_atualizacao":"2025-03-19T13:10:41.401249-03:00","materia":960,"tipo":3}