{"id":101,"__str__":"Aut\u00f3grafo - Aut\u00f3grafo de 19/06/2023 por ","link_detail_backend":"/materia/documentoacessorio/101","metadata":{},"nome":"Aut\u00f3grafo","data":"2023-06-19","autor":"","ementa":"AUT\u00d3GRAFO AO PROJETO DE LEI N\u00ba 016/2023 DO PODER EXECUTIVO","indexacao":"","arquivo":"http://sapl.manfrinopolis.pr.leg.br/media/sapl/public/documentoacessorio/2023/101/09-_autografo_ao_projeto_de_lei_n016-2023.pdf","data_ultima_atualizacao":"2023-07-04T15:00:25.752859-03:00","materia":782,"tipo":3}